{"id":38225,"date":"2026-08-29T10:45:40","date_gmt":"2026-08-29T10:45:40","guid":{"rendered":"https:\/\/expresorgv.online\/home\/?p=38225"},"modified":"2026-08-29T10:45:41","modified_gmt":"2026-08-29T10:45:41","slug":"fiscalia-de-tamaulipas-confirma-colaboracion-con-fgr-en-caso-dafne-zapata","status":"publish","type":"post","link":"https:\/\/expresorgv.online\/home\/blog\/2026\/08\/29\/fiscalia-de-tamaulipas-confirma-colaboracion-con-fgr-en-caso-dafne-zapata\/","title":{"rendered":"Fiscal\u00eda de Tamaulipas confirma colaboraci\u00f3n con FGR en caso Dafne Zapata"},"content":{"rendered":"\n<p class=\"wp-block-paragraph\">El titular de la Fiscal\u00eda General de Justicia del Estado de Tamaulipas (FGJET), Jes\u00fas Eduardo Govea Orozco, afirm\u00f3 que la Fiscal\u00eda General de la Rep\u00fablica (FGR) podr\u00eda colaborar en nuevos peritajes, dentro de la investigaci\u00f3n complementaria del caso del feminicidio de la adolescente Dafne Zapata Quintos.<\/p>\n\n\n\n<p class=\"wp-block-paragraph\">En entrevista, se le pregunt\u00f3 sobre la solicitud que hizo la presidenta de M\u00e9xico, Claudia Sheinbaum, despu\u00e9s de que en su \u00faltima gira de trabajo por Tamaulipas dialog\u00f3 con los padres de Danna Yanina \u00abN\u00bb, quien se encuentra en pirisi\u00f3n preventiva en el penal de Altamira.<\/p>\n\n\n\n<p class=\"wp-block-paragraph\">Durante la conferencia Ma\u00f1anera del pasado 17 de agosto, la presidenta inform\u00f3 que le solicit\u00f3 a la fiscal general de la Rep\u00fablica, Ernestina Godoy, revisar el caso de la detenci\u00f3n de Danna Yanina \u00abN\u00bb.<\/p>\n\n\n\n<p class=\"wp-block-paragraph\">\u00abRecib\u00ed a los padres de familia, habl\u00e9 con ellos y qued\u00e9 con ellos que le iba a pedir a la fiscal general que analizara este caso para ver cu\u00e1l era la condici\u00f3n de la joven. Est\u00e1 en la fiscal\u00eda estatal, tambi\u00e9n el gobernador va a hacer lo propio\u00bb.<\/p>\n\n\n\n<p class=\"wp-block-paragraph\">Y agreg\u00f3: \u00abYo le ped\u00ed a la fiscal general que pudiera ver este caso, porque a lo mejor la joven pues tambi\u00e9n es v\u00edctima y no necesariamente ella particip\u00f3 en este proceso\u00bb.<\/p>\n\n\n\n<p class=\"wp-block-paragraph\">Al respecto, el fiscal estatal calific\u00f3 como \u00abun exceso\u00bb los reclamos en la zona sur, \u00abustedes dieron cuenta de ello, en la visita de la titular del ejecutivo del pa\u00eds; las personas estaban muy molestas, gritaban consignas en contra de la presidenta y la propia presidenta, los atendi\u00f3, los escuch\u00f3, y como ustedes lo saben, recomend\u00f3 o sugiri\u00f3 a la Fiscal\u00eda General de la Rep\u00fablica, tener comunicaci\u00f3n con nosotros para analizar el caso. Cosa que as\u00ed ha ocurrido\u00bb.<\/p>\n\n\n\n<p class=\"wp-block-paragraph\">-Tras esa solicitud de la presidenta \u00bfCu\u00e1l ha sido la comunicaci\u00f3n con la FGR en este caso?<\/p>\n\n\n\n<p class=\"wp-block-paragraph\">\u00abTenemos comunicaci\u00f3n, en este caso, comunicaci\u00f3n con la Fiscal\u00eda General de la Rep\u00fablica, desde el inicio de la investigaci\u00f3n. La Fiscal\u00eda General de la Rep\u00fablica se ha puesto a la disposici\u00f3n precisamente para colaborar en la investigaci\u00f3n a ra\u00edz de este comentario de la se\u00f1ora presidenta de la Rep\u00fablica\u00bb, respondi\u00f3.<\/p>\n\n\n\n<p class=\"wp-block-paragraph\">Govea Orozco mencion\u00f3 que dicha comunicaci\u00f3n se ha estrechado, \u00abse ha hecho el an\u00e1lisis de las diversas circunstancias que giran en torno a la investigaci\u00f3n, y repito se est\u00e1 tambi\u00e9n abordando aspectos que tienen que ver con la continuaci\u00f3n de la investigaci\u00f3n a partir de nuevos peritajes que puedan llevarse a cabo\u00bb.<\/p>\n\n\n\n<p class=\"wp-block-paragraph\">Detall\u00f3 que la coordinaci\u00f3n con la Fiscal\u00eda General de la Rep\u00fablica, incluye \u00abla posibilidad de qu\u00e9 se lleven a cabo algunos peritajes nuevos dentro de esta etapa de investigaci\u00f3n complementaria, en colaboraci\u00f3n con la Fiscal\u00eda General de la Rep\u00fablica, de manera que pues bueno, el an\u00e1lisis del caso est\u00e1 bajo la competencia judicial, sin embargo, las instituciones de justicia, pues estamos trabajando con apego a la ley\u00bb.<br>Entre la diversidad de disciplinas periciales en los que podr\u00eda coadyuvar la FGR, el fiscal estatal mencion\u00f3 los siguientes: \u00abEl an\u00e1lisis de contexto, est\u00e1n periciales en psicolog\u00eda, m\u00e1s trabajos, m\u00e1s abundancia en materia de criminal\u00edstica\u00bb.<\/p>\n\n\n\n<p class=\"wp-block-paragraph\">Y finaliz\u00f3: \u00abEn fin, son diversos, es lo que se est\u00e1 analizando y eventualmente se aterrizar\u00e1 en la carpeta de investigaci\u00f3n, todo esto, repito dentro del marco de la colaboraci\u00f3n, que por ley est\u00e1 establecida entre las fiscal\u00edas de justicia del pa\u00eds\u00bb.<\/p>\n","protected":false},"excerpt":{"rendered":"<p>El titular de la Fiscal\u00eda General de Justicia del Estado de Tamaulipas (FGJET), Jes\u00fas Eduardo Govea Orozco, afirm\u00f3 que la Fiscal\u00eda General de la Rep\u00fablica (FGR) podr\u00eda colaborar en nuevos peritajes, dentro de la investigaci\u00f3n complementaria del caso del feminicidio de la adolescente Dafne Zapata Quintos. En entrevista, se le pregunt\u00f3 sobre la solicitud que [&hellip;]<\/p>\n","protected":false},"author":2,"featured_media":38226,"comment_status":"open","ping_status":"open","sticky":false,"template":"","format":"standard","meta":{"footnotes":""},"categories":[5],"tags":[],"class_list":["post-38225","post","type-post","status-publish","format-standard","has-post-thumbnail","hentry","category-estatal"],"yoast_head":"<!-- This site is optimized with the Yoast SEO plugin v27.2 - https:\/\/yoast.com\/product\/yoast-seo-wordpress\/ -->\n<title>Fiscal\u00eda de Tamaulipas confirma colaboraci\u00f3n con FGR en caso Dafne Zapata -<\/title>\n<meta name=\"robots\" content=\"index, follow, max-snippet:-1, max-image-preview:large, max-video-preview:-1\" \/>\n<link rel=\"canonical\" href=\"https:\/\/expresorgv.online\/home\/blog\/2026\/08\/29\/fiscalia-de-tamaulipas-confirma-colaboracion-con-fgr-en-caso-dafne-zapata\/\" \/>\n<meta property=\"og:locale\" content=\"es_ES\" \/>\n<meta property=\"og:type\" content=\"article\" \/>\n<meta property=\"og:title\" content=\"Fiscal\u00eda de Tamaulipas confirma colaboraci\u00f3n con FGR en caso Dafne Zapata\" \/>\n<meta property=\"og:description\" content=\"El titular de la Fiscal\u00eda General de Justicia del Estado de Tamaulipas (FGJET), Jes\u00fas Eduardo Govea Orozco, afirm\u00f3 que la Fiscal\u00eda General de la Rep\u00fablica (FGR) podr\u00eda colaborar en nuevos peritajes, dentro de la investigaci\u00f3n complementaria del caso del feminicidio de la adolescente Dafne Zapata Quintos. En entrevista, se le pregunt\u00f3 sobre la solicitud que [&hellip;]\" \/>\n<meta property=\"og:url\" content=\"https:\/\/expresorgv.online\/home\/blog\/2026\/08\/29\/fiscalia-de-tamaulipas-confirma-colaboracion-con-fgr-en-caso-dafne-zapata\/\" \/>\n<meta property=\"article:published_time\" content=\"2026-08-29T10:45:40+00:00\" \/>\n<meta property=\"article:modified_time\" content=\"2026-08-29T10:45:41+00:00\" \/>\n<meta property=\"og:image\" content=\"https:\/\/expresorgv.online\/home\/wp-content\/uploads\/2026\/08\/Foto-Expreso-copia.jpg\" \/>\n\t<meta property=\"og:image:width\" content=\"591\" \/>\n\t<meta property=\"og:image:height\" content=\"328\" \/>\n\t<meta property=\"og:image:type\" content=\"image\/jpeg\" \/>\n<meta name=\"author\" content=\"expreso\" \/>\n<meta name=\"twitter:card\" content=\"summary_large_image\" \/>\n<meta name=\"twitter:label1\" content=\"Escrito por\" \/>\n\t<meta name=\"twitter:data1\" content=\"expreso\" \/>\n\t<meta name=\"twitter:label2\" content=\"Tiempo de lectura\" \/>\n\t<meta name=\"twitter:data2\" content=\"3 minutos\" \/>\n<script type=\"application\/ld+json\" class=\"yoast-schema-graph\">{\"@context\":\"https:\/\/schema.org\",\"@graph\":[{\"@type\":\"Article\",\"@id\":\"https:\/\/expresorgv.online\/home\/blog\/2026\/08\/29\/fiscalia-de-tamaulipas-confirma-colaboracion-con-fgr-en-caso-dafne-zapata\/#article\",\"isPartOf\":{\"@id\":\"https:\/\/expresorgv.online\/home\/blog\/2026\/08\/29\/fiscalia-de-tamaulipas-confirma-colaboracion-con-fgr-en-caso-dafne-zapata\/\"},\"author\":{\"name\":\"expreso\",\"@id\":\"https:\/\/expresorgv.online\/home\/#\/schema\/person\/ae1ed1a575540204b5f59dca7f91f6a2\"},\"headline\":\"Fiscal\u00eda de Tamaulipas confirma colaboraci\u00f3n con FGR en caso Dafne Zapata\",\"datePublished\":\"2026-08-29T10:45:40+00:00\",\"dateModified\":\"2026-08-29T10:45:41+00:00\",\"mainEntityOfPage\":{\"@id\":\"https:\/\/expresorgv.online\/home\/blog\/2026\/08\/29\/fiscalia-de-tamaulipas-confirma-colaboracion-con-fgr-en-caso-dafne-zapata\/\"},\"wordCount\":620,\"commentCount\":0,\"image\":{\"@id\":\"https:\/\/expresorgv.online\/home\/blog\/2026\/08\/29\/fiscalia-de-tamaulipas-confirma-colaboracion-con-fgr-en-caso-dafne-zapata\/#primaryimage\"},\"thumbnailUrl\":\"https:\/\/i0.wp.com\/expresorgv.online\/home\/wp-content\/uploads\/2026\/08\/Foto-Expreso-copia.jpg?fit=591%2C328&ssl=1\",\"articleSection\":[\"ESTATAL\"],\"inLanguage\":\"es\",\"potentialAction\":[{\"@type\":\"CommentAction\",\"name\":\"Comment\",\"target\":[\"https:\/\/expresorgv.online\/home\/blog\/2026\/08\/29\/fiscalia-de-tamaulipas-confirma-colaboracion-con-fgr-en-caso-dafne-zapata\/#respond\"]}]},{\"@type\":\"WebPage\",\"@id\":\"https:\/\/expresorgv.online\/home\/blog\/2026\/08\/29\/fiscalia-de-tamaulipas-confirma-colaboracion-con-fgr-en-caso-dafne-zapata\/\",\"url\":\"https:\/\/expresorgv.online\/home\/blog\/2026\/08\/29\/fiscalia-de-tamaulipas-confirma-colaboracion-con-fgr-en-caso-dafne-zapata\/\",\"name\":\"Fiscal\u00eda de Tamaulipas confirma colaboraci\u00f3n con FGR en caso Dafne Zapata -\",\"isPartOf\":{\"@id\":\"https:\/\/expresorgv.online\/home\/#website\"},\"primaryImageOfPage\":{\"@id\":\"https:\/\/expresorgv.online\/home\/blog\/2026\/08\/29\/fiscalia-de-tamaulipas-confirma-colaboracion-con-fgr-en-caso-dafne-zapata\/#primaryimage\"},\"image\":{\"@id\":\"https:\/\/expresorgv.online\/home\/blog\/2026\/08\/29\/fiscalia-de-tamaulipas-confirma-colaboracion-con-fgr-en-caso-dafne-zapata\/#primaryimage\"},\"thumbnailUrl\":\"https:\/\/i0.wp.com\/expresorgv.online\/home\/wp-content\/uploads\/2026\/08\/Foto-Expreso-copia.jpg?fit=591%2C328&ssl=1\",\"datePublished\":\"2026-08-29T10:45:40+00:00\",\"dateModified\":\"2026-08-29T10:45:41+00:00\",\"author\":{\"@id\":\"https:\/\/expresorgv.online\/home\/#\/schema\/person\/ae1ed1a575540204b5f59dca7f91f6a2\"},\"breadcrumb\":{\"@id\":\"https:\/\/expresorgv.online\/home\/blog\/2026\/08\/29\/fiscalia-de-tamaulipas-confirma-colaboracion-con-fgr-en-caso-dafne-zapata\/#breadcrumb\"},\"inLanguage\":\"es\",\"potentialAction\":[{\"@type\":\"ReadAction\",\"target\":[\"https:\/\/expresorgv.online\/home\/blog\/2026\/08\/29\/fiscalia-de-tamaulipas-confirma-colaboracion-con-fgr-en-caso-dafne-zapata\/\"]}]},{\"@type\":\"ImageObject\",\"inLanguage\":\"es\",\"@id\":\"https:\/\/expresorgv.online\/home\/blog\/2026\/08\/29\/fiscalia-de-tamaulipas-confirma-colaboracion-con-fgr-en-caso-dafne-zapata\/#primaryimage\",\"url\":\"https:\/\/i0.wp.com\/expresorgv.online\/home\/wp-content\/uploads\/2026\/08\/Foto-Expreso-copia.jpg?fit=591%2C328&ssl=1\",\"contentUrl\":\"https:\/\/i0.wp.com\/expresorgv.online\/home\/wp-content\/uploads\/2026\/08\/Foto-Expreso-copia.jpg?fit=591%2C328&ssl=1\",\"width\":591,\"height\":328},{\"@type\":\"BreadcrumbList\",\"@id\":\"https:\/\/expresorgv.online\/home\/blog\/2026\/08\/29\/fiscalia-de-tamaulipas-confirma-colaboracion-con-fgr-en-caso-dafne-zapata\/#breadcrumb\",\"itemListElement\":[{\"@type\":\"ListItem\",\"position\":1,\"name\":\"Home\",\"item\":\"https:\/\/expresorgv.online\/home\/\"},{\"@type\":\"ListItem\",\"position\":2,\"name\":\"Fiscal\u00eda de Tamaulipas confirma colaboraci\u00f3n con FGR en caso Dafne Zapata\"}]},{\"@type\":\"WebSite\",\"@id\":\"https:\/\/expresorgv.online\/home\/#website\",\"url\":\"https:\/\/expresorgv.online\/home\/\",\"name\":\"\",\"description\":\"\",\"potentialAction\":[{\"@type\":\"SearchAction\",\"target\":{\"@type\":\"EntryPoint\",\"urlTemplate\":\"https:\/\/expresorgv.online\/home\/?s={search_term_string}\"},\"query-input\":{\"@type\":\"PropertyValueSpecification\",\"valueRequired\":true,\"valueName\":\"search_term_string\"}}],\"inLanguage\":\"es\"},{\"@type\":\"Person\",\"@id\":\"https:\/\/expresorgv.online\/home\/#\/schema\/person\/ae1ed1a575540204b5f59dca7f91f6a2\",\"name\":\"expreso\",\"image\":{\"@type\":\"ImageObject\",\"inLanguage\":\"es\",\"@id\":\"https:\/\/secure.gravatar.com\/avatar\/88cd9f065dcd1b722cd984aac4181386a800c0bca699eaf07e42dd8f820bddee?s=96&d=mm&r=g\",\"url\":\"https:\/\/secure.gravatar.com\/avatar\/88cd9f065dcd1b722cd984aac4181386a800c0bca699eaf07e42dd8f820bddee?s=96&d=mm&r=g\",\"contentUrl\":\"https:\/\/secure.gravatar.com\/avatar\/88cd9f065dcd1b722cd984aac4181386a800c0bca699eaf07e42dd8f820bddee?s=96&d=mm&r=g\",\"caption\":\"expreso\"},\"url\":\"https:\/\/expresorgv.online\/home\/blog\/author\/expreso\/\"}]}<\/script>\n<!-- \/ Yoast SEO plugin. -->","yoast_head_json":{"title":"Fiscal\u00eda de Tamaulipas confirma colaboraci\u00f3n con FGR en caso Dafne Zapata -","robots":{"index":"index","follow":"follow","max-snippet":"max-snippet:-1","max-image-preview":"max-image-preview:large","max-video-preview":"max-video-preview:-1"},"canonical":"https:\/\/expresorgv.online\/home\/blog\/2026\/08\/29\/fiscalia-de-tamaulipas-confirma-colaboracion-con-fgr-en-caso-dafne-zapata\/","og_locale":"es_ES","og_type":"article","og_title":"Fiscal\u00eda de Tamaulipas confirma colaboraci\u00f3n con FGR en caso Dafne Zapata","og_description":"El titular de la Fiscal\u00eda General de Justicia del Estado de Tamaulipas (FGJET), Jes\u00fas Eduardo Govea Orozco, afirm\u00f3 que la Fiscal\u00eda General de la Rep\u00fablica (FGR) podr\u00eda colaborar en nuevos peritajes, dentro de la investigaci\u00f3n complementaria del caso del feminicidio de la adolescente Dafne Zapata Quintos. En entrevista, se le pregunt\u00f3 sobre la solicitud que [&hellip;]","og_url":"https:\/\/expresorgv.online\/home\/blog\/2026\/08\/29\/fiscalia-de-tamaulipas-confirma-colaboracion-con-fgr-en-caso-dafne-zapata\/","article_published_time":"2026-08-29T10:45:40+00:00","article_modified_time":"2026-08-29T10:45:41+00:00","og_image":[{"width":591,"height":328,"url":"https:\/\/expresorgv.online\/home\/wp-content\/uploads\/2026\/08\/Foto-Expreso-copia.jpg","type":"image\/jpeg"}],"author":"expreso","twitter_card":"summary_large_image","twitter_misc":{"Escrito por":"expreso","Tiempo de lectura":"3 minutos"},"schema":{"@context":"https:\/\/schema.org","@graph":[{"@type":"Article","@id":"https:\/\/expresorgv.online\/home\/blog\/2026\/08\/29\/fiscalia-de-tamaulipas-confirma-colaboracion-con-fgr-en-caso-dafne-zapata\/#article","isPartOf":{"@id":"https:\/\/expresorgv.online\/home\/blog\/2026\/08\/29\/fiscalia-de-tamaulipas-confirma-colaboracion-con-fgr-en-caso-dafne-zapata\/"},"author":{"name":"expreso","@id":"https:\/\/expresorgv.online\/home\/#\/schema\/person\/ae1ed1a575540204b5f59dca7f91f6a2"},"headline":"Fiscal\u00eda de Tamaulipas confirma colaboraci\u00f3n con FGR en caso Dafne Zapata","datePublished":"2026-08-29T10:45:40+00:00","dateModified":"2026-08-29T10:45:41+00:00","mainEntityOfPage":{"@id":"https:\/\/expresorgv.online\/home\/blog\/2026\/08\/29\/fiscalia-de-tamaulipas-confirma-colaboracion-con-fgr-en-caso-dafne-zapata\/"},"wordCount":620,"commentCount":0,"image":{"@id":"https:\/\/expresorgv.online\/home\/blog\/2026\/08\/29\/fiscalia-de-tamaulipas-confirma-colaboracion-con-fgr-en-caso-dafne-zapata\/#primaryimage"},"thumbnailUrl":"https:\/\/i0.wp.com\/expresorgv.online\/home\/wp-content\/uploads\/2026\/08\/Foto-Expreso-copia.jpg?fit=591%2C328&ssl=1","articleSection":["ESTATAL"],"inLanguage":"es","potentialAction":[{"@type":"CommentAction","name":"Comment","target":["https:\/\/expresorgv.online\/home\/blog\/2026\/08\/29\/fiscalia-de-tamaulipas-confirma-colaboracion-con-fgr-en-caso-dafne-zapata\/#respond"]}]},{"@type":"WebPage","@id":"https:\/\/expresorgv.online\/home\/blog\/2026\/08\/29\/fiscalia-de-tamaulipas-confirma-colaboracion-con-fgr-en-caso-dafne-zapata\/","url":"https:\/\/expresorgv.online\/home\/blog\/2026\/08\/29\/fiscalia-de-tamaulipas-confirma-colaboracion-con-fgr-en-caso-dafne-zapata\/","name":"Fiscal\u00eda de Tamaulipas confirma colaboraci\u00f3n con FGR en caso Dafne Zapata -","isPartOf":{"@id":"https:\/\/expresorgv.online\/home\/#website"},"primaryImageOfPage":{"@id":"https:\/\/expresorgv.online\/home\/blog\/2026\/08\/29\/fiscalia-de-tamaulipas-confirma-colaboracion-con-fgr-en-caso-dafne-zapata\/#primaryimage"},"image":{"@id":"https:\/\/expresorgv.online\/home\/blog\/2026\/08\/29\/fiscalia-de-tamaulipas-confirma-colaboracion-con-fgr-en-caso-dafne-zapata\/#primaryimage"},"thumbnailUrl":"https:\/\/i0.wp.com\/expresorgv.online\/home\/wp-content\/uploads\/2026\/08\/Foto-Expreso-copia.jpg?fit=591%2C328&ssl=1","datePublished":"2026-08-29T10:45:40+00:00","dateModified":"2026-08-29T10:45:41+00:00","author":{"@id":"https:\/\/expresorgv.online\/home\/#\/schema\/person\/ae1ed1a575540204b5f59dca7f91f6a2"},"breadcrumb":{"@id":"https:\/\/expresorgv.online\/home\/blog\/2026\/08\/29\/fiscalia-de-tamaulipas-confirma-colaboracion-con-fgr-en-caso-dafne-zapata\/#breadcrumb"},"inLanguage":"es","potentialAction":[{"@type":"ReadAction","target":["https:\/\/expresorgv.online\/home\/blog\/2026\/08\/29\/fiscalia-de-tamaulipas-confirma-colaboracion-con-fgr-en-caso-dafne-zapata\/"]}]},{"@type":"ImageObject","inLanguage":"es","@id":"https:\/\/expresorgv.online\/home\/blog\/2026\/08\/29\/fiscalia-de-tamaulipas-confirma-colaboracion-con-fgr-en-caso-dafne-zapata\/#primaryimage","url":"https:\/\/i0.wp.com\/expresorgv.online\/home\/wp-content\/uploads\/2026\/08\/Foto-Expreso-copia.jpg?fit=591%2C328&ssl=1","contentUrl":"https:\/\/i0.wp.com\/expresorgv.online\/home\/wp-content\/uploads\/2026\/08\/Foto-Expreso-copia.jpg?fit=591%2C328&ssl=1","width":591,"height":328},{"@type":"BreadcrumbList","@id":"https:\/\/expresorgv.online\/home\/blog\/2026\/08\/29\/fiscalia-de-tamaulipas-confirma-colaboracion-con-fgr-en-caso-dafne-zapata\/#breadcrumb","itemListElement":[{"@type":"ListItem","position":1,"name":"Home","item":"https:\/\/expresorgv.online\/home\/"},{"@type":"ListItem","position":2,"name":"Fiscal\u00eda de Tamaulipas confirma colaboraci\u00f3n con FGR en caso Dafne Zapata"}]},{"@type":"WebSite","@id":"https:\/\/expresorgv.online\/home\/#website","url":"https:\/\/expresorgv.online\/home\/","name":"","description":"","potentialAction":[{"@type":"SearchAction","target":{"@type":"EntryPoint","urlTemplate":"https:\/\/expresorgv.online\/home\/?s={search_term_string}"},"query-input":{"@type":"PropertyValueSpecification","valueRequired":true,"valueName":"search_term_string"}}],"inLanguage":"es"},{"@type":"Person","@id":"https:\/\/expresorgv.online\/home\/#\/schema\/person\/ae1ed1a575540204b5f59dca7f91f6a2","name":"expreso","image":{"@type":"ImageObject","inLanguage":"es","@id":"https:\/\/secure.gravatar.com\/avatar\/88cd9f065dcd1b722cd984aac4181386a800c0bca699eaf07e42dd8f820bddee?s=96&d=mm&r=g","url":"https:\/\/secure.gravatar.com\/avatar\/88cd9f065dcd1b722cd984aac4181386a800c0bca699eaf07e42dd8f820bddee?s=96&d=mm&r=g","contentUrl":"https:\/\/secure.gravatar.com\/avatar\/88cd9f065dcd1b722cd984aac4181386a800c0bca699eaf07e42dd8f820bddee?s=96&d=mm&r=g","caption":"expreso"},"url":"https:\/\/expresorgv.online\/home\/blog\/author\/expreso\/"}]}},"jetpack_featured_media_url":"https:\/\/i0.wp.com\/expresorgv.online\/home\/wp-content\/uploads\/2026\/08\/Foto-Expreso-copia.jpg?fit=591%2C328&ssl=1","_links":{"self":[{"href":"https:\/\/expresorgv.online\/home\/wp-json\/wp\/v2\/posts\/38225","targetHints":{"allow":["GET"]}}],"collection":[{"href":"https:\/\/expresorgv.online\/home\/wp-json\/wp\/v2\/posts"}],"about":[{"href":"https:\/\/expresorgv.online\/home\/wp-json\/wp\/v2\/types\/post"}],"author":[{"embeddable":true,"href":"https:\/\/expresorgv.online\/home\/wp-json\/wp\/v2\/users\/2"}],"replies":[{"embeddable":true,"href":"https:\/\/expresorgv.online\/home\/wp-json\/wp\/v2\/comments?post=38225"}],"version-history":[{"count":1,"href":"https:\/\/expresorgv.online\/home\/wp-json\/wp\/v2\/posts\/38225\/revisions"}],"predecessor-version":[{"id":38227,"href":"https:\/\/expresorgv.online\/home\/wp-json\/wp\/v2\/posts\/38225\/revisions\/38227"}],"wp:featuredmedia":[{"embeddable":true,"href":"https:\/\/expresorgv.online\/home\/wp-json\/wp\/v2\/media\/38226"}],"wp:attachment":[{"href":"https:\/\/expresorgv.online\/home\/wp-json\/wp\/v2\/media?parent=38225"}],"wp:term":[{"taxonomy":"category","embeddable":true,"href":"https:\/\/expresorgv.online\/home\/wp-json\/wp\/v2\/categories?post=38225"},{"taxonomy":"post_tag","embeddable":true,"href":"https:\/\/expresorgv.online\/home\/wp-json\/wp\/v2\/tags?post=38225"}],"curies":[{"name":"wp","href":"https:\/\/api.w.org\/{rel}","templated":true}]}}