{"id":35907,"date":"2026-06-21T01:42:25","date_gmt":"2026-06-21T01:42:25","guid":{"rendered":"https:\/\/expresorgv.online\/home\/?p=35907"},"modified":"2026-06-21T01:42:26","modified_gmt":"2026-06-21T01:42:26","slug":"sheinbaum-pide-a-estudiantes-no-pasar-tanto-tiempo-en-pantallas","status":"publish","type":"post","link":"https:\/\/expresorgv.online\/home\/blog\/2026\/06\/21\/sheinbaum-pide-a-estudiantes-no-pasar-tanto-tiempo-en-pantallas\/","title":{"rendered":"Sheinbaum pide a estudiantes no pasar tanto tiempo en pantallas"},"content":{"rendered":"\n<p class=\"wp-block-paragraph\">En el Parque Morelos de Baja California, Claudia Sheinbaum inform\u00f3 que cerca de 9 millones de ni\u00f1as y ni\u00f1os reciben la Beca Rita Cetina y el gobierno federal busca que estudiantes de preescolar a universidad reciban apoyos para transporte y la compra de \u00fatiles.<\/p>\n\n\n\n<p class=\"wp-block-paragraph\">\u201cSiempre hay gastos cuando uno lleva a los hijos a la escuela, cuando viene la entrada a clases, uniformes, \u00fatiles, los zapatos nuevos, todo lo que significa la entrada a clases de nuevo grado. Entonces, esa beca es para que todas y todos los ni\u00f1os lleguen lo m\u00e1s parejo a la escuela posible (\u2026) En secundaria ya todas y todos los j\u00f3venes de tienen beca, en preparatoria ya todas y todos los j\u00f3venes tienen beca y poco a poco vamos a ir dando beca a todas y todos los universitarios del pa\u00eds\u201d, agreg\u00f3.<\/p>\n\n\n\n<p class=\"wp-block-paragraph\">A mano alzada, la mandataria federal cuestion\u00f3 el tiempo en pantalla que pasan los estudiantes, quienes contestaron que emplean redes sociales y TikTok entre dos a cinco horas. Ante dicha cifra, reiter\u00f3 que hay estudios que documentan el aumento de ansiedad en ni\u00f1os y ni\u00f1as, por lo que pidi\u00f3 a padres y madres de familia que supervisen el uso de tel\u00e9fonos celulares y establezcan un l\u00edmite antes de dormir.<\/p>\n\n\n\n<p class=\"wp-block-paragraph\">\u201cEst\u00e1 bien que los ni\u00f1os, las ni\u00f1as vean un rato el celular, pero no puede ser toda la tarde y en la noche hay que poner un horario, ya a cierta hora se acabaron las pantallas. (\u2026) Voy a poner a concurso una canci\u00f3n para que a las 8 de la noche, cero pantallas. Con excepci\u00f3n de cuando juega la Selecci\u00f3n, ah\u00ed todos tienen permiso.<\/p>\n\n\n\n<p class=\"wp-block-paragraph\">\u201c(\u2026) El tercer juego de la Selecci\u00f3n es el 24 de junio creo que es a las 8 de la noche. Ese d\u00eda le vamos a dar permiso a todas las ni\u00f1as y los ni\u00f1os que vean el partido de la Selecci\u00f3n. Pero, en general, esto ya en serio, es importante mam\u00e1s, pap\u00e1s, que no haya demasiado tiempo en las pantallas. Que las ni\u00f1as y los ni\u00f1os salgan a jugar, ese juego colectivo es muy importante. Vamos a regresar todos los juegos tradicionales a las escuelas\u201d, reiter\u00f3.<\/p>\n\n\n\n<p class=\"wp-block-paragraph\">Durante su intervenci\u00f3n, la gobernadora Marina del Pilar \u00c1vila Olmeda se\u00f1al\u00f3 que la herramienta m\u00e1s poderosa para transformar a una sociedad es la educaci\u00f3n: \u201cLas becas son intocables porque queremos que la hija de una madre trabajadora, el hijo de una familia migrante, la ni\u00f1a de una familia deportada, o el joven que vive en una colonia popular, tengan exactamente las mismas oportunidades que cualquiera. Queremos que ning\u00fan ni\u00f1o, ninguna ni\u00f1a abandone sus estudios por falta de recursos. Queremos que las y los estudiantes de Baja California sepan que no est\u00e1n solos\u201d.<\/p>\n\n\n\n<p class=\"wp-block-paragraph\">La mandataria estatal a\u00f1adi\u00f3 que alrededor de 34 mil estudiantes de educaci\u00f3n secundaria en Baja California han sido beneficiados en la primera etapa de la beca y posteriormente la recibir\u00e1n estudiantes de primaria y preescolar. Por su parte, Mario Delgado Carrillo, titular de la Secretar\u00eda de Educaci\u00f3n P\u00fablica (SEP), inform\u00f3 que cerca de medio mill\u00f3n de estudiantes recibir\u00e1n este apoyo.<\/p>\n\n\n\n<p class=\"wp-block-paragraph\">Exhort\u00f3 a los padres y madres de familia a que participen en el programa \u201cVida Saludable, Vive Feliz\u201d y sus hijos puedan recibir orientaci\u00f3n nutricional y dental: \u201cEs el programa de la presidenta de M\u00e9xico para que tengamos la generaci\u00f3n m\u00e1s saludable, m\u00e1s fuerte y m\u00e1s feliz de toda nuestra historia. (\u2026) Vamos a hacer todas y todos el compromiso, pap\u00e1s, mam\u00e1s, vamos a apoyar a que nuestros hijos tambi\u00e9n en la escuela a que cumplan sus sue\u00f1os.<\/p>\n","protected":false},"excerpt":{"rendered":"<p>En el Parque Morelos de Baja California, Claudia Sheinbaum inform\u00f3 que cerca de 9 millones de ni\u00f1as y ni\u00f1os reciben la Beca Rita Cetina y el gobierno federal busca que estudiantes de preescolar a universidad reciban apoyos para transporte y la compra de \u00fatiles. \u201cSiempre hay gastos cuando uno lleva a los hijos a la [&hellip;]<\/p>\n","protected":false},"author":2,"featured_media":35908,"comment_status":"open","ping_status":"open","sticky":false,"template":"","format":"standard","meta":{"footnotes":""},"categories":[6],"tags":[],"class_list":["post-35907","post","type-post","status-publish","format-standard","has-post-thumbnail","hentry","category-nacional"],"yoast_head":"<!-- This site is optimized with the Yoast SEO plugin v27.2 - https:\/\/yoast.com\/product\/yoast-seo-wordpress\/ -->\n<title>Sheinbaum pide a estudiantes no pasar tanto tiempo en pantallas -<\/title>\n<meta name=\"robots\" content=\"index, follow, max-snippet:-1, max-image-preview:large, max-video-preview:-1\" \/>\n<link rel=\"canonical\" href=\"https:\/\/expresorgv.online\/home\/blog\/2026\/06\/21\/sheinbaum-pide-a-estudiantes-no-pasar-tanto-tiempo-en-pantallas\/\" \/>\n<meta property=\"og:locale\" content=\"es_ES\" \/>\n<meta property=\"og:type\" content=\"article\" \/>\n<meta property=\"og:title\" content=\"Sheinbaum pide a estudiantes no pasar tanto tiempo en pantallas\" \/>\n<meta property=\"og:description\" content=\"En el Parque Morelos de Baja California, Claudia Sheinbaum inform\u00f3 que cerca de 9 millones de ni\u00f1as y ni\u00f1os reciben la Beca Rita Cetina y el gobierno federal busca que estudiantes de preescolar a universidad reciban apoyos para transporte y la compra de \u00fatiles. \u201cSiempre hay gastos cuando uno lleva a los hijos a la [&hellip;]\" \/>\n<meta property=\"og:url\" content=\"https:\/\/expresorgv.online\/home\/blog\/2026\/06\/21\/sheinbaum-pide-a-estudiantes-no-pasar-tanto-tiempo-en-pantallas\/\" \/>\n<meta property=\"article:published_time\" content=\"2026-06-21T01:42:25+00:00\" \/>\n<meta property=\"article:modified_time\" content=\"2026-06-21T01:42:26+00:00\" \/>\n<meta property=\"og:image\" content=\"https:\/\/expresorgv.online\/home\/wp-content\/uploads\/2026\/06\/CLaudia-Sheinbaum-3.png\" \/>\n\t<meta property=\"og:image:width\" content=\"591\" \/>\n\t<meta property=\"og:image:height\" content=\"328\" \/>\n\t<meta property=\"og:image:type\" content=\"image\/png\" \/>\n<meta name=\"author\" content=\"expreso\" \/>\n<meta name=\"twitter:card\" content=\"summary_large_image\" \/>\n<meta name=\"twitter:label1\" content=\"Escrito por\" \/>\n\t<meta name=\"twitter:data1\" content=\"expreso\" \/>\n\t<meta name=\"twitter:label2\" content=\"Tiempo de lectura\" \/>\n\t<meta name=\"twitter:data2\" content=\"3 minutos\" \/>\n<script type=\"application\/ld+json\" class=\"yoast-schema-graph\">{\"@context\":\"https:\/\/schema.org\",\"@graph\":[{\"@type\":\"Article\",\"@id\":\"https:\/\/expresorgv.online\/home\/blog\/2026\/06\/21\/sheinbaum-pide-a-estudiantes-no-pasar-tanto-tiempo-en-pantallas\/#article\",\"isPartOf\":{\"@id\":\"https:\/\/expresorgv.online\/home\/blog\/2026\/06\/21\/sheinbaum-pide-a-estudiantes-no-pasar-tanto-tiempo-en-pantallas\/\"},\"author\":{\"name\":\"expreso\",\"@id\":\"https:\/\/expresorgv.online\/home\/#\/schema\/person\/ae1ed1a575540204b5f59dca7f91f6a2\"},\"headline\":\"Sheinbaum pide a estudiantes no pasar tanto tiempo en pantallas\",\"datePublished\":\"2026-06-21T01:42:25+00:00\",\"dateModified\":\"2026-06-21T01:42:26+00:00\",\"mainEntityOfPage\":{\"@id\":\"https:\/\/expresorgv.online\/home\/blog\/2026\/06\/21\/sheinbaum-pide-a-estudiantes-no-pasar-tanto-tiempo-en-pantallas\/\"},\"wordCount\":641,\"commentCount\":0,\"image\":{\"@id\":\"https:\/\/expresorgv.online\/home\/blog\/2026\/06\/21\/sheinbaum-pide-a-estudiantes-no-pasar-tanto-tiempo-en-pantallas\/#primaryimage\"},\"thumbnailUrl\":\"https:\/\/i0.wp.com\/expresorgv.online\/home\/wp-content\/uploads\/2026\/06\/CLaudia-Sheinbaum-3.png?fit=591%2C328&ssl=1\",\"articleSection\":[\"NACIONAL\"],\"inLanguage\":\"es\",\"potentialAction\":[{\"@type\":\"CommentAction\",\"name\":\"Comment\",\"target\":[\"https:\/\/expresorgv.online\/home\/blog\/2026\/06\/21\/sheinbaum-pide-a-estudiantes-no-pasar-tanto-tiempo-en-pantallas\/#respond\"]}]},{\"@type\":\"WebPage\",\"@id\":\"https:\/\/expresorgv.online\/home\/blog\/2026\/06\/21\/sheinbaum-pide-a-estudiantes-no-pasar-tanto-tiempo-en-pantallas\/\",\"url\":\"https:\/\/expresorgv.online\/home\/blog\/2026\/06\/21\/sheinbaum-pide-a-estudiantes-no-pasar-tanto-tiempo-en-pantallas\/\",\"name\":\"Sheinbaum pide a estudiantes no pasar tanto tiempo en pantallas -\",\"isPartOf\":{\"@id\":\"https:\/\/expresorgv.online\/home\/#website\"},\"primaryImageOfPage\":{\"@id\":\"https:\/\/expresorgv.online\/home\/blog\/2026\/06\/21\/sheinbaum-pide-a-estudiantes-no-pasar-tanto-tiempo-en-pantallas\/#primaryimage\"},\"image\":{\"@id\":\"https:\/\/expresorgv.online\/home\/blog\/2026\/06\/21\/sheinbaum-pide-a-estudiantes-no-pasar-tanto-tiempo-en-pantallas\/#primaryimage\"},\"thumbnailUrl\":\"https:\/\/i0.wp.com\/expresorgv.online\/home\/wp-content\/uploads\/2026\/06\/CLaudia-Sheinbaum-3.png?fit=591%2C328&ssl=1\",\"datePublished\":\"2026-06-21T01:42:25+00:00\",\"dateModified\":\"2026-06-21T01:42:26+00:00\",\"author\":{\"@id\":\"https:\/\/expresorgv.online\/home\/#\/schema\/person\/ae1ed1a575540204b5f59dca7f91f6a2\"},\"breadcrumb\":{\"@id\":\"https:\/\/expresorgv.online\/home\/blog\/2026\/06\/21\/sheinbaum-pide-a-estudiantes-no-pasar-tanto-tiempo-en-pantallas\/#breadcrumb\"},\"inLanguage\":\"es\",\"potentialAction\":[{\"@type\":\"ReadAction\",\"target\":[\"https:\/\/expresorgv.online\/home\/blog\/2026\/06\/21\/sheinbaum-pide-a-estudiantes-no-pasar-tanto-tiempo-en-pantallas\/\"]}]},{\"@type\":\"ImageObject\",\"inLanguage\":\"es\",\"@id\":\"https:\/\/expresorgv.online\/home\/blog\/2026\/06\/21\/sheinbaum-pide-a-estudiantes-no-pasar-tanto-tiempo-en-pantallas\/#primaryimage\",\"url\":\"https:\/\/i0.wp.com\/expresorgv.online\/home\/wp-content\/uploads\/2026\/06\/CLaudia-Sheinbaum-3.png?fit=591%2C328&ssl=1\",\"contentUrl\":\"https:\/\/i0.wp.com\/expresorgv.online\/home\/wp-content\/uploads\/2026\/06\/CLaudia-Sheinbaum-3.png?fit=591%2C328&ssl=1\",\"width\":591,\"height\":328},{\"@type\":\"BreadcrumbList\",\"@id\":\"https:\/\/expresorgv.online\/home\/blog\/2026\/06\/21\/sheinbaum-pide-a-estudiantes-no-pasar-tanto-tiempo-en-pantallas\/#breadcrumb\",\"itemListElement\":[{\"@type\":\"ListItem\",\"position\":1,\"name\":\"Home\",\"item\":\"https:\/\/expresorgv.online\/home\/\"},{\"@type\":\"ListItem\",\"position\":2,\"name\":\"Sheinbaum pide a estudiantes no pasar tanto tiempo en pantallas\"}]},{\"@type\":\"WebSite\",\"@id\":\"https:\/\/expresorgv.online\/home\/#website\",\"url\":\"https:\/\/expresorgv.online\/home\/\",\"name\":\"\",\"description\":\"\",\"potentialAction\":[{\"@type\":\"SearchAction\",\"target\":{\"@type\":\"EntryPoint\",\"urlTemplate\":\"https:\/\/expresorgv.online\/home\/?s={search_term_string}\"},\"query-input\":{\"@type\":\"PropertyValueSpecification\",\"valueRequired\":true,\"valueName\":\"search_term_string\"}}],\"inLanguage\":\"es\"},{\"@type\":\"Person\",\"@id\":\"https:\/\/expresorgv.online\/home\/#\/schema\/person\/ae1ed1a575540204b5f59dca7f91f6a2\",\"name\":\"expreso\",\"image\":{\"@type\":\"ImageObject\",\"inLanguage\":\"es\",\"@id\":\"https:\/\/secure.gravatar.com\/avatar\/88cd9f065dcd1b722cd984aac4181386a800c0bca699eaf07e42dd8f820bddee?s=96&d=mm&r=g\",\"url\":\"https:\/\/secure.gravatar.com\/avatar\/88cd9f065dcd1b722cd984aac4181386a800c0bca699eaf07e42dd8f820bddee?s=96&d=mm&r=g\",\"contentUrl\":\"https:\/\/secure.gravatar.com\/avatar\/88cd9f065dcd1b722cd984aac4181386a800c0bca699eaf07e42dd8f820bddee?s=96&d=mm&r=g\",\"caption\":\"expreso\"},\"url\":\"https:\/\/expresorgv.online\/home\/blog\/author\/expreso\/\"}]}<\/script>\n<!-- \/ Yoast SEO plugin. -->","yoast_head_json":{"title":"Sheinbaum pide a estudiantes no pasar tanto tiempo en pantallas -","robots":{"index":"index","follow":"follow","max-snippet":"max-snippet:-1","max-image-preview":"max-image-preview:large","max-video-preview":"max-video-preview:-1"},"canonical":"https:\/\/expresorgv.online\/home\/blog\/2026\/06\/21\/sheinbaum-pide-a-estudiantes-no-pasar-tanto-tiempo-en-pantallas\/","og_locale":"es_ES","og_type":"article","og_title":"Sheinbaum pide a estudiantes no pasar tanto tiempo en pantallas","og_description":"En el Parque Morelos de Baja California, Claudia Sheinbaum inform\u00f3 que cerca de 9 millones de ni\u00f1as y ni\u00f1os reciben la Beca Rita Cetina y el gobierno federal busca que estudiantes de preescolar a universidad reciban apoyos para transporte y la compra de \u00fatiles. \u201cSiempre hay gastos cuando uno lleva a los hijos a la [&hellip;]","og_url":"https:\/\/expresorgv.online\/home\/blog\/2026\/06\/21\/sheinbaum-pide-a-estudiantes-no-pasar-tanto-tiempo-en-pantallas\/","article_published_time":"2026-06-21T01:42:25+00:00","article_modified_time":"2026-06-21T01:42:26+00:00","og_image":[{"width":591,"height":328,"url":"https:\/\/expresorgv.online\/home\/wp-content\/uploads\/2026\/06\/CLaudia-Sheinbaum-3.png","type":"image\/png"}],"author":"expreso","twitter_card":"summary_large_image","twitter_misc":{"Escrito por":"expreso","Tiempo de lectura":"3 minutos"},"schema":{"@context":"https:\/\/schema.org","@graph":[{"@type":"Article","@id":"https:\/\/expresorgv.online\/home\/blog\/2026\/06\/21\/sheinbaum-pide-a-estudiantes-no-pasar-tanto-tiempo-en-pantallas\/#article","isPartOf":{"@id":"https:\/\/expresorgv.online\/home\/blog\/2026\/06\/21\/sheinbaum-pide-a-estudiantes-no-pasar-tanto-tiempo-en-pantallas\/"},"author":{"name":"expreso","@id":"https:\/\/expresorgv.online\/home\/#\/schema\/person\/ae1ed1a575540204b5f59dca7f91f6a2"},"headline":"Sheinbaum pide a estudiantes no pasar tanto tiempo en pantallas","datePublished":"2026-06-21T01:42:25+00:00","dateModified":"2026-06-21T01:42:26+00:00","mainEntityOfPage":{"@id":"https:\/\/expresorgv.online\/home\/blog\/2026\/06\/21\/sheinbaum-pide-a-estudiantes-no-pasar-tanto-tiempo-en-pantallas\/"},"wordCount":641,"commentCount":0,"image":{"@id":"https:\/\/expresorgv.online\/home\/blog\/2026\/06\/21\/sheinbaum-pide-a-estudiantes-no-pasar-tanto-tiempo-en-pantallas\/#primaryimage"},"thumbnailUrl":"https:\/\/i0.wp.com\/expresorgv.online\/home\/wp-content\/uploads\/2026\/06\/CLaudia-Sheinbaum-3.png?fit=591%2C328&ssl=1","articleSection":["NACIONAL"],"inLanguage":"es","potentialAction":[{"@type":"CommentAction","name":"Comment","target":["https:\/\/expresorgv.online\/home\/blog\/2026\/06\/21\/sheinbaum-pide-a-estudiantes-no-pasar-tanto-tiempo-en-pantallas\/#respond"]}]},{"@type":"WebPage","@id":"https:\/\/expresorgv.online\/home\/blog\/2026\/06\/21\/sheinbaum-pide-a-estudiantes-no-pasar-tanto-tiempo-en-pantallas\/","url":"https:\/\/expresorgv.online\/home\/blog\/2026\/06\/21\/sheinbaum-pide-a-estudiantes-no-pasar-tanto-tiempo-en-pantallas\/","name":"Sheinbaum pide a estudiantes no pasar tanto tiempo en pantallas -","isPartOf":{"@id":"https:\/\/expresorgv.online\/home\/#website"},"primaryImageOfPage":{"@id":"https:\/\/expresorgv.online\/home\/blog\/2026\/06\/21\/sheinbaum-pide-a-estudiantes-no-pasar-tanto-tiempo-en-pantallas\/#primaryimage"},"image":{"@id":"https:\/\/expresorgv.online\/home\/blog\/2026\/06\/21\/sheinbaum-pide-a-estudiantes-no-pasar-tanto-tiempo-en-pantallas\/#primaryimage"},"thumbnailUrl":"https:\/\/i0.wp.com\/expresorgv.online\/home\/wp-content\/uploads\/2026\/06\/CLaudia-Sheinbaum-3.png?fit=591%2C328&ssl=1","datePublished":"2026-06-21T01:42:25+00:00","dateModified":"2026-06-21T01:42:26+00:00","author":{"@id":"https:\/\/expresorgv.online\/home\/#\/schema\/person\/ae1ed1a575540204b5f59dca7f91f6a2"},"breadcrumb":{"@id":"https:\/\/expresorgv.online\/home\/blog\/2026\/06\/21\/sheinbaum-pide-a-estudiantes-no-pasar-tanto-tiempo-en-pantallas\/#breadcrumb"},"inLanguage":"es","potentialAction":[{"@type":"ReadAction","target":["https:\/\/expresorgv.online\/home\/blog\/2026\/06\/21\/sheinbaum-pide-a-estudiantes-no-pasar-tanto-tiempo-en-pantallas\/"]}]},{"@type":"ImageObject","inLanguage":"es","@id":"https:\/\/expresorgv.online\/home\/blog\/2026\/06\/21\/sheinbaum-pide-a-estudiantes-no-pasar-tanto-tiempo-en-pantallas\/#primaryimage","url":"https:\/\/i0.wp.com\/expresorgv.online\/home\/wp-content\/uploads\/2026\/06\/CLaudia-Sheinbaum-3.png?fit=591%2C328&ssl=1","contentUrl":"https:\/\/i0.wp.com\/expresorgv.online\/home\/wp-content\/uploads\/2026\/06\/CLaudia-Sheinbaum-3.png?fit=591%2C328&ssl=1","width":591,"height":328},{"@type":"BreadcrumbList","@id":"https:\/\/expresorgv.online\/home\/blog\/2026\/06\/21\/sheinbaum-pide-a-estudiantes-no-pasar-tanto-tiempo-en-pantallas\/#breadcrumb","itemListElement":[{"@type":"ListItem","position":1,"name":"Home","item":"https:\/\/expresorgv.online\/home\/"},{"@type":"ListItem","position":2,"name":"Sheinbaum pide a estudiantes no pasar tanto tiempo en pantallas"}]},{"@type":"WebSite","@id":"https:\/\/expresorgv.online\/home\/#website","url":"https:\/\/expresorgv.online\/home\/","name":"","description":"","potentialAction":[{"@type":"SearchAction","target":{"@type":"EntryPoint","urlTemplate":"https:\/\/expresorgv.online\/home\/?s={search_term_string}"},"query-input":{"@type":"PropertyValueSpecification","valueRequired":true,"valueName":"search_term_string"}}],"inLanguage":"es"},{"@type":"Person","@id":"https:\/\/expresorgv.online\/home\/#\/schema\/person\/ae1ed1a575540204b5f59dca7f91f6a2","name":"expreso","image":{"@type":"ImageObject","inLanguage":"es","@id":"https:\/\/secure.gravatar.com\/avatar\/88cd9f065dcd1b722cd984aac4181386a800c0bca699eaf07e42dd8f820bddee?s=96&d=mm&r=g","url":"https:\/\/secure.gravatar.com\/avatar\/88cd9f065dcd1b722cd984aac4181386a800c0bca699eaf07e42dd8f820bddee?s=96&d=mm&r=g","contentUrl":"https:\/\/secure.gravatar.com\/avatar\/88cd9f065dcd1b722cd984aac4181386a800c0bca699eaf07e42dd8f820bddee?s=96&d=mm&r=g","caption":"expreso"},"url":"https:\/\/expresorgv.online\/home\/blog\/author\/expreso\/"}]}},"jetpack_featured_media_url":"https:\/\/i0.wp.com\/expresorgv.online\/home\/wp-content\/uploads\/2026\/06\/CLaudia-Sheinbaum-3.png?fit=591%2C328&ssl=1","_links":{"self":[{"href":"https:\/\/expresorgv.online\/home\/wp-json\/wp\/v2\/posts\/35907","targetHints":{"allow":["GET"]}}],"collection":[{"href":"https:\/\/expresorgv.online\/home\/wp-json\/wp\/v2\/posts"}],"about":[{"href":"https:\/\/expresorgv.online\/home\/wp-json\/wp\/v2\/types\/post"}],"author":[{"embeddable":true,"href":"https:\/\/expresorgv.online\/home\/wp-json\/wp\/v2\/users\/2"}],"replies":[{"embeddable":true,"href":"https:\/\/expresorgv.online\/home\/wp-json\/wp\/v2\/comments?post=35907"}],"version-history":[{"count":1,"href":"https:\/\/expresorgv.online\/home\/wp-json\/wp\/v2\/posts\/35907\/revisions"}],"predecessor-version":[{"id":35909,"href":"https:\/\/expresorgv.online\/home\/wp-json\/wp\/v2\/posts\/35907\/revisions\/35909"}],"wp:featuredmedia":[{"embeddable":true,"href":"https:\/\/expresorgv.online\/home\/wp-json\/wp\/v2\/media\/35908"}],"wp:attachment":[{"href":"https:\/\/expresorgv.online\/home\/wp-json\/wp\/v2\/media?parent=35907"}],"wp:term":[{"taxonomy":"category","embeddable":true,"href":"https:\/\/expresorgv.online\/home\/wp-json\/wp\/v2\/categories?post=35907"},{"taxonomy":"post_tag","embeddable":true,"href":"https:\/\/expresorgv.online\/home\/wp-json\/wp\/v2\/tags?post=35907"}],"curies":[{"name":"wp","href":"https:\/\/api.w.org\/{rel}","templated":true}]}}