{"id":35904,"date":"2026-06-21T01:37:34","date_gmt":"2026-06-21T01:37:34","guid":{"rendered":"https:\/\/expresorgv.online\/home\/?p=35904"},"modified":"2026-06-21T01:37:35","modified_gmt":"2026-06-21T01:37:35","slug":"sheinbaum-llama-a-sentirse-orgulloso-de-ser-mexicano-tras-dichos-de-trump","status":"publish","type":"post","link":"https:\/\/expresorgv.online\/home\/blog\/2026\/06\/21\/sheinbaum-llama-a-sentirse-orgulloso-de-ser-mexicano-tras-dichos-de-trump\/","title":{"rendered":"Sheinbaum llama a sentirse orgulloso de ser mexicano tras dichos de Trump"},"content":{"rendered":"\n<p class=\"wp-block-paragraph\">En la frontera con Estados Unidos, en el marco de la criminalizaci\u00f3n a migrantes por el presidente Donald Trump y de sus m\u00e1s recientes declaraciones de que el gobierno mexicano \u00abha perdido el control del pa\u00eds\u00bb frente al crimen organizado, la presidenta Claudia Sheinbaum llam\u00f3 a sentir orgullo por nacer en M\u00e9xico y a reivindicar a los pueblos originarios.<\/p>\n\n\n\n<p class=\"wp-block-paragraph\">\u201cSi\u00e9ntanse orgullosos de ser mexicanos y mexicanas, vivimos en un pa\u00eds grandioso: que nadie le diga nada a las mexicanas y a mexicanos. Somos trabajadores, tenemos historia, somos un pueblo extraordinario, \u00bfest\u00e1n orgullosos de ser mexicanos? Hay que estar muy orgullosos, los mexicanos tenemos al menos cuatro amores, no se les olvide nunca: amor a la familia, al pr\u00f3jimo, a la naturaleza y el cuarto y muy importante amor a M\u00e9xico, amor a la patria, \u00a1qu\u00e9 viva Tijuana!\u201d, expres\u00f3.<\/p>\n\n\n\n<p class=\"wp-block-paragraph\">Durante la entrega de Tarjetas Beca Rita Cetina, la mandataria federal pregunt\u00f3 a las ni\u00f1as presentes si se sent\u00edan orgullosas de tener la primera presidenta mujer de M\u00e9xico, cuatro d\u00edas despu\u00e9s de que Trump la describiera como \u201cuna mujer muy buena, pero muy asustada\u201d y afirmara que los c\u00e1rteles de la droga controlan por \u201ccompleto\u201d M\u00e9xico.<\/p>\n\n\n\n<p class=\"wp-block-paragraph\">\u201cY ahora estamos viviendo un momento muy estelar. \u00bfCu\u00e1ntas presidentas mujeres hab\u00eda habido antes de ahora?, \u00bfqu\u00e9 piensan las ni\u00f1as de una mujer presidenta, est\u00e1n contentas?, \u00bfy los ni\u00f1os?, \u00bfles gusta que haya una mujer presidenta?\u201d, pregunt\u00f3 a los estudiantes, quienes respondieron con aplausos y su visto bueno hacia Sheinbaum.<\/p>\n\n\n\n<p class=\"wp-block-paragraph\">En ese sentido, la titular del ejecutivo federal conmemor\u00f3 las figuras de Miguel Hidalgo, Benito Ju\u00e1rez y Margarita Maza, as\u00ed como la Independencia de M\u00e9xico, la Revoluci\u00f3n Mexicana y la Batalla del 5 de Mayo en Puebla. Tambi\u00e9n nombr\u00f3 las contribuciones en matem\u00e1ticas y astronom\u00eda de los mayas y olmecas.<\/p>\n\n\n\n<p class=\"wp-block-paragraph\">\u201cNosotros tenemos una historia maravillosa, M\u00e9xico, no crean que todos los pa\u00edses del mundo tienen culturas originarias, pueblos originarios (\u2026) \u00bfQui\u00e9n naci\u00f3 aqu\u00ed en Tijuana?, \u00bfqui\u00e9n viene de otro lado de primera generaci\u00f3n? Tijuana recibe a gente de todo el mundo y de todo el pa\u00eds. As\u00ed fue creciendo de Tijuana. Les dec\u00eda que M\u00e9xico es el pa\u00eds m\u00e1s maravilloso del mundo. En M\u00e9xico, hay culturas tan extraordinarias que crearon el cero, que conocieron el universo, el cielo\u201d, dijo.<\/p>\n\n\n\n<p class=\"wp-block-paragraph\">En esta semana, el presidente de Estados Unidos, Donald Trump afirm\u00f3 que los c\u00e1rteles de droga dirigen M\u00e9xico, y que los ataques que EU ha lanzado contra presuntas narcolanchas en El Caribe y el Pac\u00edfico. Coment\u00f3 que gracias a estas operaciones, el flujo de drogas ha ca\u00eddo 97%. El jueves pasado, la presidenta refiri\u00f3 que no caer\u00e1 en confrontaciones y asegur\u00f3 que el presidente est\u00e1 mal informado acerca de la realidad de M\u00e9xico.<\/p>\n","protected":false},"excerpt":{"rendered":"<p>En la frontera con Estados Unidos, en el marco de la criminalizaci\u00f3n a migrantes por el presidente Donald Trump y de sus m\u00e1s recientes declaraciones de que el gobierno mexicano \u00abha perdido el control del pa\u00eds\u00bb frente al crimen organizado, la presidenta Claudia Sheinbaum llam\u00f3 a sentir orgullo por nacer en M\u00e9xico y a reivindicar [&hellip;]<\/p>\n","protected":false},"author":2,"featured_media":35905,"comment_status":"open","ping_status":"open","sticky":false,"template":"","format":"standard","meta":{"footnotes":""},"categories":[6],"tags":[],"class_list":["post-35904","post","type-post","status-publish","format-standard","has-post-thumbnail","hentry","category-nacional"],"yoast_head":"<!-- This site is optimized with the Yoast SEO plugin v27.2 - https:\/\/yoast.com\/product\/yoast-seo-wordpress\/ -->\n<title>Sheinbaum llama a sentirse orgulloso de ser mexicano tras dichos de Trump -<\/title>\n<meta name=\"robots\" content=\"index, follow, max-snippet:-1, max-image-preview:large, max-video-preview:-1\" \/>\n<link rel=\"canonical\" href=\"https:\/\/expresorgv.online\/home\/blog\/2026\/06\/21\/sheinbaum-llama-a-sentirse-orgulloso-de-ser-mexicano-tras-dichos-de-trump\/\" \/>\n<meta property=\"og:locale\" content=\"es_ES\" \/>\n<meta property=\"og:type\" content=\"article\" \/>\n<meta property=\"og:title\" content=\"Sheinbaum llama a sentirse orgulloso de ser mexicano tras dichos de Trump\" \/>\n<meta property=\"og:description\" content=\"En la frontera con Estados Unidos, en el marco de la criminalizaci\u00f3n a migrantes por el presidente Donald Trump y de sus m\u00e1s recientes declaraciones de que el gobierno mexicano \u00abha perdido el control del pa\u00eds\u00bb frente al crimen organizado, la presidenta Claudia Sheinbaum llam\u00f3 a sentir orgullo por nacer en M\u00e9xico y a reivindicar [&hellip;]\" \/>\n<meta property=\"og:url\" content=\"https:\/\/expresorgv.online\/home\/blog\/2026\/06\/21\/sheinbaum-llama-a-sentirse-orgulloso-de-ser-mexicano-tras-dichos-de-trump\/\" \/>\n<meta property=\"article:published_time\" content=\"2026-06-21T01:37:34+00:00\" \/>\n<meta property=\"article:modified_time\" content=\"2026-06-21T01:37:35+00:00\" \/>\n<meta property=\"og:image\" content=\"https:\/\/expresorgv.online\/home\/wp-content\/uploads\/2026\/06\/Claudia-Sheinbaum-2.png\" \/>\n\t<meta property=\"og:image:width\" content=\"591\" \/>\n\t<meta property=\"og:image:height\" content=\"328\" \/>\n\t<meta property=\"og:image:type\" content=\"image\/png\" \/>\n<meta name=\"author\" content=\"expreso\" \/>\n<meta name=\"twitter:card\" content=\"summary_large_image\" \/>\n<meta name=\"twitter:label1\" content=\"Escrito por\" \/>\n\t<meta name=\"twitter:data1\" content=\"expreso\" \/>\n\t<meta name=\"twitter:label2\" content=\"Tiempo de lectura\" \/>\n\t<meta name=\"twitter:data2\" content=\"3 minutos\" \/>\n<script type=\"application\/ld+json\" class=\"yoast-schema-graph\">{\"@context\":\"https:\/\/schema.org\",\"@graph\":[{\"@type\":\"Article\",\"@id\":\"https:\/\/expresorgv.online\/home\/blog\/2026\/06\/21\/sheinbaum-llama-a-sentirse-orgulloso-de-ser-mexicano-tras-dichos-de-trump\/#article\",\"isPartOf\":{\"@id\":\"https:\/\/expresorgv.online\/home\/blog\/2026\/06\/21\/sheinbaum-llama-a-sentirse-orgulloso-de-ser-mexicano-tras-dichos-de-trump\/\"},\"author\":{\"name\":\"expreso\",\"@id\":\"https:\/\/expresorgv.online\/home\/#\/schema\/person\/ae1ed1a575540204b5f59dca7f91f6a2\"},\"headline\":\"Sheinbaum llama a sentirse orgulloso de ser mexicano tras dichos de Trump\",\"datePublished\":\"2026-06-21T01:37:34+00:00\",\"dateModified\":\"2026-06-21T01:37:35+00:00\",\"mainEntityOfPage\":{\"@id\":\"https:\/\/expresorgv.online\/home\/blog\/2026\/06\/21\/sheinbaum-llama-a-sentirse-orgulloso-de-ser-mexicano-tras-dichos-de-trump\/\"},\"wordCount\":498,\"commentCount\":0,\"image\":{\"@id\":\"https:\/\/expresorgv.online\/home\/blog\/2026\/06\/21\/sheinbaum-llama-a-sentirse-orgulloso-de-ser-mexicano-tras-dichos-de-trump\/#primaryimage\"},\"thumbnailUrl\":\"https:\/\/i0.wp.com\/expresorgv.online\/home\/wp-content\/uploads\/2026\/06\/Claudia-Sheinbaum-2.png?fit=591%2C328&ssl=1\",\"articleSection\":[\"NACIONAL\"],\"inLanguage\":\"es\",\"potentialAction\":[{\"@type\":\"CommentAction\",\"name\":\"Comment\",\"target\":[\"https:\/\/expresorgv.online\/home\/blog\/2026\/06\/21\/sheinbaum-llama-a-sentirse-orgulloso-de-ser-mexicano-tras-dichos-de-trump\/#respond\"]}]},{\"@type\":\"WebPage\",\"@id\":\"https:\/\/expresorgv.online\/home\/blog\/2026\/06\/21\/sheinbaum-llama-a-sentirse-orgulloso-de-ser-mexicano-tras-dichos-de-trump\/\",\"url\":\"https:\/\/expresorgv.online\/home\/blog\/2026\/06\/21\/sheinbaum-llama-a-sentirse-orgulloso-de-ser-mexicano-tras-dichos-de-trump\/\",\"name\":\"Sheinbaum llama a sentirse orgulloso de ser mexicano tras dichos de Trump -\",\"isPartOf\":{\"@id\":\"https:\/\/expresorgv.online\/home\/#website\"},\"primaryImageOfPage\":{\"@id\":\"https:\/\/expresorgv.online\/home\/blog\/2026\/06\/21\/sheinbaum-llama-a-sentirse-orgulloso-de-ser-mexicano-tras-dichos-de-trump\/#primaryimage\"},\"image\":{\"@id\":\"https:\/\/expresorgv.online\/home\/blog\/2026\/06\/21\/sheinbaum-llama-a-sentirse-orgulloso-de-ser-mexicano-tras-dichos-de-trump\/#primaryimage\"},\"thumbnailUrl\":\"https:\/\/i0.wp.com\/expresorgv.online\/home\/wp-content\/uploads\/2026\/06\/Claudia-Sheinbaum-2.png?fit=591%2C328&ssl=1\",\"datePublished\":\"2026-06-21T01:37:34+00:00\",\"dateModified\":\"2026-06-21T01:37:35+00:00\",\"author\":{\"@id\":\"https:\/\/expresorgv.online\/home\/#\/schema\/person\/ae1ed1a575540204b5f59dca7f91f6a2\"},\"breadcrumb\":{\"@id\":\"https:\/\/expresorgv.online\/home\/blog\/2026\/06\/21\/sheinbaum-llama-a-sentirse-orgulloso-de-ser-mexicano-tras-dichos-de-trump\/#breadcrumb\"},\"inLanguage\":\"es\",\"potentialAction\":[{\"@type\":\"ReadAction\",\"target\":[\"https:\/\/expresorgv.online\/home\/blog\/2026\/06\/21\/sheinbaum-llama-a-sentirse-orgulloso-de-ser-mexicano-tras-dichos-de-trump\/\"]}]},{\"@type\":\"ImageObject\",\"inLanguage\":\"es\",\"@id\":\"https:\/\/expresorgv.online\/home\/blog\/2026\/06\/21\/sheinbaum-llama-a-sentirse-orgulloso-de-ser-mexicano-tras-dichos-de-trump\/#primaryimage\",\"url\":\"https:\/\/i0.wp.com\/expresorgv.online\/home\/wp-content\/uploads\/2026\/06\/Claudia-Sheinbaum-2.png?fit=591%2C328&ssl=1\",\"contentUrl\":\"https:\/\/i0.wp.com\/expresorgv.online\/home\/wp-content\/uploads\/2026\/06\/Claudia-Sheinbaum-2.png?fit=591%2C328&ssl=1\",\"width\":591,\"height\":328},{\"@type\":\"BreadcrumbList\",\"@id\":\"https:\/\/expresorgv.online\/home\/blog\/2026\/06\/21\/sheinbaum-llama-a-sentirse-orgulloso-de-ser-mexicano-tras-dichos-de-trump\/#breadcrumb\",\"itemListElement\":[{\"@type\":\"ListItem\",\"position\":1,\"name\":\"Home\",\"item\":\"https:\/\/expresorgv.online\/home\/\"},{\"@type\":\"ListItem\",\"position\":2,\"name\":\"Sheinbaum llama a sentirse orgulloso de ser mexicano tras dichos de Trump\"}]},{\"@type\":\"WebSite\",\"@id\":\"https:\/\/expresorgv.online\/home\/#website\",\"url\":\"https:\/\/expresorgv.online\/home\/\",\"name\":\"\",\"description\":\"\",\"potentialAction\":[{\"@type\":\"SearchAction\",\"target\":{\"@type\":\"EntryPoint\",\"urlTemplate\":\"https:\/\/expresorgv.online\/home\/?s={search_term_string}\"},\"query-input\":{\"@type\":\"PropertyValueSpecification\",\"valueRequired\":true,\"valueName\":\"search_term_string\"}}],\"inLanguage\":\"es\"},{\"@type\":\"Person\",\"@id\":\"https:\/\/expresorgv.online\/home\/#\/schema\/person\/ae1ed1a575540204b5f59dca7f91f6a2\",\"name\":\"expreso\",\"image\":{\"@type\":\"ImageObject\",\"inLanguage\":\"es\",\"@id\":\"https:\/\/secure.gravatar.com\/avatar\/88cd9f065dcd1b722cd984aac4181386a800c0bca699eaf07e42dd8f820bddee?s=96&d=mm&r=g\",\"url\":\"https:\/\/secure.gravatar.com\/avatar\/88cd9f065dcd1b722cd984aac4181386a800c0bca699eaf07e42dd8f820bddee?s=96&d=mm&r=g\",\"contentUrl\":\"https:\/\/secure.gravatar.com\/avatar\/88cd9f065dcd1b722cd984aac4181386a800c0bca699eaf07e42dd8f820bddee?s=96&d=mm&r=g\",\"caption\":\"expreso\"},\"url\":\"https:\/\/expresorgv.online\/home\/blog\/author\/expreso\/\"}]}<\/script>\n<!-- \/ Yoast SEO plugin. -->","yoast_head_json":{"title":"Sheinbaum llama a sentirse orgulloso de ser mexicano tras dichos de Trump -","robots":{"index":"index","follow":"follow","max-snippet":"max-snippet:-1","max-image-preview":"max-image-preview:large","max-video-preview":"max-video-preview:-1"},"canonical":"https:\/\/expresorgv.online\/home\/blog\/2026\/06\/21\/sheinbaum-llama-a-sentirse-orgulloso-de-ser-mexicano-tras-dichos-de-trump\/","og_locale":"es_ES","og_type":"article","og_title":"Sheinbaum llama a sentirse orgulloso de ser mexicano tras dichos de Trump","og_description":"En la frontera con Estados Unidos, en el marco de la criminalizaci\u00f3n a migrantes por el presidente Donald Trump y de sus m\u00e1s recientes declaraciones de que el gobierno mexicano \u00abha perdido el control del pa\u00eds\u00bb frente al crimen organizado, la presidenta Claudia Sheinbaum llam\u00f3 a sentir orgullo por nacer en M\u00e9xico y a reivindicar [&hellip;]","og_url":"https:\/\/expresorgv.online\/home\/blog\/2026\/06\/21\/sheinbaum-llama-a-sentirse-orgulloso-de-ser-mexicano-tras-dichos-de-trump\/","article_published_time":"2026-06-21T01:37:34+00:00","article_modified_time":"2026-06-21T01:37:35+00:00","og_image":[{"width":591,"height":328,"url":"https:\/\/expresorgv.online\/home\/wp-content\/uploads\/2026\/06\/Claudia-Sheinbaum-2.png","type":"image\/png"}],"author":"expreso","twitter_card":"summary_large_image","twitter_misc":{"Escrito por":"expreso","Tiempo de lectura":"3 minutos"},"schema":{"@context":"https:\/\/schema.org","@graph":[{"@type":"Article","@id":"https:\/\/expresorgv.online\/home\/blog\/2026\/06\/21\/sheinbaum-llama-a-sentirse-orgulloso-de-ser-mexicano-tras-dichos-de-trump\/#article","isPartOf":{"@id":"https:\/\/expresorgv.online\/home\/blog\/2026\/06\/21\/sheinbaum-llama-a-sentirse-orgulloso-de-ser-mexicano-tras-dichos-de-trump\/"},"author":{"name":"expreso","@id":"https:\/\/expresorgv.online\/home\/#\/schema\/person\/ae1ed1a575540204b5f59dca7f91f6a2"},"headline":"Sheinbaum llama a sentirse orgulloso de ser mexicano tras dichos de Trump","datePublished":"2026-06-21T01:37:34+00:00","dateModified":"2026-06-21T01:37:35+00:00","mainEntityOfPage":{"@id":"https:\/\/expresorgv.online\/home\/blog\/2026\/06\/21\/sheinbaum-llama-a-sentirse-orgulloso-de-ser-mexicano-tras-dichos-de-trump\/"},"wordCount":498,"commentCount":0,"image":{"@id":"https:\/\/expresorgv.online\/home\/blog\/2026\/06\/21\/sheinbaum-llama-a-sentirse-orgulloso-de-ser-mexicano-tras-dichos-de-trump\/#primaryimage"},"thumbnailUrl":"https:\/\/i0.wp.com\/expresorgv.online\/home\/wp-content\/uploads\/2026\/06\/Claudia-Sheinbaum-2.png?fit=591%2C328&ssl=1","articleSection":["NACIONAL"],"inLanguage":"es","potentialAction":[{"@type":"CommentAction","name":"Comment","target":["https:\/\/expresorgv.online\/home\/blog\/2026\/06\/21\/sheinbaum-llama-a-sentirse-orgulloso-de-ser-mexicano-tras-dichos-de-trump\/#respond"]}]},{"@type":"WebPage","@id":"https:\/\/expresorgv.online\/home\/blog\/2026\/06\/21\/sheinbaum-llama-a-sentirse-orgulloso-de-ser-mexicano-tras-dichos-de-trump\/","url":"https:\/\/expresorgv.online\/home\/blog\/2026\/06\/21\/sheinbaum-llama-a-sentirse-orgulloso-de-ser-mexicano-tras-dichos-de-trump\/","name":"Sheinbaum llama a sentirse orgulloso de ser mexicano tras dichos de Trump -","isPartOf":{"@id":"https:\/\/expresorgv.online\/home\/#website"},"primaryImageOfPage":{"@id":"https:\/\/expresorgv.online\/home\/blog\/2026\/06\/21\/sheinbaum-llama-a-sentirse-orgulloso-de-ser-mexicano-tras-dichos-de-trump\/#primaryimage"},"image":{"@id":"https:\/\/expresorgv.online\/home\/blog\/2026\/06\/21\/sheinbaum-llama-a-sentirse-orgulloso-de-ser-mexicano-tras-dichos-de-trump\/#primaryimage"},"thumbnailUrl":"https:\/\/i0.wp.com\/expresorgv.online\/home\/wp-content\/uploads\/2026\/06\/Claudia-Sheinbaum-2.png?fit=591%2C328&ssl=1","datePublished":"2026-06-21T01:37:34+00:00","dateModified":"2026-06-21T01:37:35+00:00","author":{"@id":"https:\/\/expresorgv.online\/home\/#\/schema\/person\/ae1ed1a575540204b5f59dca7f91f6a2"},"breadcrumb":{"@id":"https:\/\/expresorgv.online\/home\/blog\/2026\/06\/21\/sheinbaum-llama-a-sentirse-orgulloso-de-ser-mexicano-tras-dichos-de-trump\/#breadcrumb"},"inLanguage":"es","potentialAction":[{"@type":"ReadAction","target":["https:\/\/expresorgv.online\/home\/blog\/2026\/06\/21\/sheinbaum-llama-a-sentirse-orgulloso-de-ser-mexicano-tras-dichos-de-trump\/"]}]},{"@type":"ImageObject","inLanguage":"es","@id":"https:\/\/expresorgv.online\/home\/blog\/2026\/06\/21\/sheinbaum-llama-a-sentirse-orgulloso-de-ser-mexicano-tras-dichos-de-trump\/#primaryimage","url":"https:\/\/i0.wp.com\/expresorgv.online\/home\/wp-content\/uploads\/2026\/06\/Claudia-Sheinbaum-2.png?fit=591%2C328&ssl=1","contentUrl":"https:\/\/i0.wp.com\/expresorgv.online\/home\/wp-content\/uploads\/2026\/06\/Claudia-Sheinbaum-2.png?fit=591%2C328&ssl=1","width":591,"height":328},{"@type":"BreadcrumbList","@id":"https:\/\/expresorgv.online\/home\/blog\/2026\/06\/21\/sheinbaum-llama-a-sentirse-orgulloso-de-ser-mexicano-tras-dichos-de-trump\/#breadcrumb","itemListElement":[{"@type":"ListItem","position":1,"name":"Home","item":"https:\/\/expresorgv.online\/home\/"},{"@type":"ListItem","position":2,"name":"Sheinbaum llama a sentirse orgulloso de ser mexicano tras dichos de Trump"}]},{"@type":"WebSite","@id":"https:\/\/expresorgv.online\/home\/#website","url":"https:\/\/expresorgv.online\/home\/","name":"","description":"","potentialAction":[{"@type":"SearchAction","target":{"@type":"EntryPoint","urlTemplate":"https:\/\/expresorgv.online\/home\/?s={search_term_string}"},"query-input":{"@type":"PropertyValueSpecification","valueRequired":true,"valueName":"search_term_string"}}],"inLanguage":"es"},{"@type":"Person","@id":"https:\/\/expresorgv.online\/home\/#\/schema\/person\/ae1ed1a575540204b5f59dca7f91f6a2","name":"expreso","image":{"@type":"ImageObject","inLanguage":"es","@id":"https:\/\/secure.gravatar.com\/avatar\/88cd9f065dcd1b722cd984aac4181386a800c0bca699eaf07e42dd8f820bddee?s=96&d=mm&r=g","url":"https:\/\/secure.gravatar.com\/avatar\/88cd9f065dcd1b722cd984aac4181386a800c0bca699eaf07e42dd8f820bddee?s=96&d=mm&r=g","contentUrl":"https:\/\/secure.gravatar.com\/avatar\/88cd9f065dcd1b722cd984aac4181386a800c0bca699eaf07e42dd8f820bddee?s=96&d=mm&r=g","caption":"expreso"},"url":"https:\/\/expresorgv.online\/home\/blog\/author\/expreso\/"}]}},"jetpack_featured_media_url":"https:\/\/i0.wp.com\/expresorgv.online\/home\/wp-content\/uploads\/2026\/06\/Claudia-Sheinbaum-2.png?fit=591%2C328&ssl=1","_links":{"self":[{"href":"https:\/\/expresorgv.online\/home\/wp-json\/wp\/v2\/posts\/35904","targetHints":{"allow":["GET"]}}],"collection":[{"href":"https:\/\/expresorgv.online\/home\/wp-json\/wp\/v2\/posts"}],"about":[{"href":"https:\/\/expresorgv.online\/home\/wp-json\/wp\/v2\/types\/post"}],"author":[{"embeddable":true,"href":"https:\/\/expresorgv.online\/home\/wp-json\/wp\/v2\/users\/2"}],"replies":[{"embeddable":true,"href":"https:\/\/expresorgv.online\/home\/wp-json\/wp\/v2\/comments?post=35904"}],"version-history":[{"count":1,"href":"https:\/\/expresorgv.online\/home\/wp-json\/wp\/v2\/posts\/35904\/revisions"}],"predecessor-version":[{"id":35906,"href":"https:\/\/expresorgv.online\/home\/wp-json\/wp\/v2\/posts\/35904\/revisions\/35906"}],"wp:featuredmedia":[{"embeddable":true,"href":"https:\/\/expresorgv.online\/home\/wp-json\/wp\/v2\/media\/35905"}],"wp:attachment":[{"href":"https:\/\/expresorgv.online\/home\/wp-json\/wp\/v2\/media?parent=35904"}],"wp:term":[{"taxonomy":"category","embeddable":true,"href":"https:\/\/expresorgv.online\/home\/wp-json\/wp\/v2\/categories?post=35904"},{"taxonomy":"post_tag","embeddable":true,"href":"https:\/\/expresorgv.online\/home\/wp-json\/wp\/v2\/tags?post=35904"}],"curies":[{"name":"wp","href":"https:\/\/api.w.org\/{rel}","templated":true}]}}