{"id":35897,"date":"2026-06-21T01:17:23","date_gmt":"2026-06-21T01:17:23","guid":{"rendered":"https:\/\/expresorgv.online\/home\/?p=35897"},"modified":"2026-06-21T01:17:24","modified_gmt":"2026-06-21T01:17:24","slug":"acusan-a-figura-de-paraguay-de-quedarse-con-el-reloj-del-arbitro-en-pleno-mundial","status":"publish","type":"post","link":"https:\/\/expresorgv.online\/home\/blog\/2026\/06\/21\/acusan-a-figura-de-paraguay-de-quedarse-con-el-reloj-del-arbitro-en-pleno-mundial\/","title":{"rendered":"Acusan a figura de Paraguay de quedarse con el reloj del \u00e1rbitro en pleno Mundial"},"content":{"rendered":"\n<p class=\"wp-block-paragraph\">Un esc\u00e1ndalo extradeportivo ha sacudido las plataformas digitales en plena Copa del Mundo.<\/p>\n\n\n\n<p class=\"wp-block-paragraph\">El mediocampista de la selecci\u00f3n de Paraguay, Mat\u00edas Galarza, fue acusado por miles de usuarios en redes sociales de presuntamente recoger y robarse el reloj del \u00e1rbitro central durante el pol\u00e9mico encuentro entre el combinado sudamericano y Turqu\u00eda en las acciones del Grupo D del Mundial 2026.<\/p>\n\n\n\n<p class=\"wp-block-paragraph\">El metraje del supuesto incidente circul\u00f3 a m\u00e1xima velocidad en las redes de X, TikTok e Instagram, convirti\u00e9ndose en una tendencia global de debate sobre lo acontecido en la cancha del&nbsp;Estadio Bah\u00eda de San Francisco.<\/p>\n\n\n\n<p class=\"wp-block-paragraph\">El \u00e1rbitro salvadore\u00f1o Iv\u00e1n Barton fue quien perdi\u00f3 el costoso accesorio tecnol\u00f3gico durante una disputa en la que intentaba separar a varios futbolistas involucrados en una trifulca colectiva.<\/p>\n\n\n\n<p class=\"wp-block-paragraph\">En las im\u00e1genes de la transmisi\u00f3n se aprecia de forma n\u00edtida c\u00f3mo Mat\u00edas Galarza se acerca con lentitud, recoge el objeto del c\u00e9sped y procede a coloc\u00e1rselo en la mu\u00f1eca mientras contin\u00faa caminando.<\/p>\n\n\n\n<p class=\"wp-block-paragraph\">Defensa y polarizaci\u00f3n en las plataformas digitales<\/p>\n\n\n\n<p class=\"wp-block-paragraph\">A pesar de la contundencia visual del video, las opiniones de los aficionados se mantuvieron divididas de forma inmediata. Mientras una gran cantidad de internautas acusaron directamente de hurto al seleccionado guaran\u00ed, otra parte defendi\u00f3 al deportista argumentando que el \u00e1ngulo de la c\u00e1mara no muestra lo ocurrido minutos despu\u00e9s.<\/p>\n\n\n\n<p class=\"wp-block-paragraph\">Varios usuarios se\u00f1alaron en la defensa del futbolista que este pudo haber guardado el artefacto con la \u00fanica intenci\u00f3n de devolv\u00e9rselo al silbante de la Concacaf una vez finalizada la jugada o en el vestidor. Hasta el momento, ni la FIFA ni la delegaci\u00f3n paraguaya han emitido un dictamen oficial.<\/p>\n\n\n\n<p class=\"wp-block-paragraph\">De marginado a h\u00e9roe envuelto en pol\u00e9mica<\/p>\n\n\n\n<p class=\"wp-block-paragraph\">Lo ir\u00f3nico de la situaci\u00f3n es que, m\u00e1s all\u00e1 de la controversia digital, el paraguayo vivi\u00f3 una de las noches m\u00e1s importantes de su carrera en el plano deportivo. Mat\u00edas Galarza fue el autor del \u00fanico gol del encuentro apenas al minuto 2 de juego, anotaci\u00f3n que sell\u00f3 la victoria de Paraguay por 1-0 y determin\u00f3 la eliminaci\u00f3n del representativo turco.<\/p>\n\n\n\n<p class=\"wp-block-paragraph\">El jugador de 24 a\u00f1os llegaba a la justa mundialista tras ser duramente marginado en el balompi\u00e9 argentino por el club River Plate, instituci\u00f3n donde d\u00edas atr\u00e1s se le notific\u00f3 que quedaba completamente excluido del proyecto deportivo para la pr\u00f3xima temporada.<\/p>\n\n\n\n<p class=\"wp-block-paragraph\">El volante es nieto de Arturo Galarza, una aut\u00e9ntica leyenda del futbol boliviano, que fungi\u00f3 como hist\u00f3rico arquero del club Bol\u00edvar y de la selecci\u00f3n de Bolivia. Su abuelo incluso enfrent\u00f3 a Pel\u00e9 en un duelo amistoso en 1971, dejando un legado de prestigio familiar que hoy contrasta de forma abrupta con esta acusaci\u00f3n viral en el torneo m\u00e1s importante del planeta.<\/p>\n","protected":false},"excerpt":{"rendered":"<p>Un esc\u00e1ndalo extradeportivo ha sacudido las plataformas digitales en plena Copa del Mundo. El mediocampista de la selecci\u00f3n de Paraguay, Mat\u00edas Galarza, fue acusado por miles de usuarios en redes sociales de presuntamente recoger y robarse el reloj del \u00e1rbitro central durante el pol\u00e9mico encuentro entre el combinado sudamericano y Turqu\u00eda en las acciones del [&hellip;]<\/p>\n","protected":false},"author":2,"featured_media":35899,"comment_status":"open","ping_status":"open","sticky":false,"template":"","format":"standard","meta":{"footnotes":""},"categories":[10],"tags":[],"class_list":["post-35897","post","type-post","status-publish","format-standard","has-post-thumbnail","hentry","category-oe-deportes"],"yoast_head":"<!-- This site is optimized with the Yoast SEO plugin v27.2 - https:\/\/yoast.com\/product\/yoast-seo-wordpress\/ -->\n<title>Acusan a figura de Paraguay de quedarse con el reloj del \u00e1rbitro en pleno Mundial -<\/title>\n<meta name=\"robots\" content=\"index, follow, max-snippet:-1, max-image-preview:large, max-video-preview:-1\" \/>\n<link rel=\"canonical\" href=\"https:\/\/expresorgv.online\/home\/blog\/2026\/06\/21\/acusan-a-figura-de-paraguay-de-quedarse-con-el-reloj-del-arbitro-en-pleno-mundial\/\" \/>\n<meta property=\"og:locale\" content=\"es_ES\" \/>\n<meta property=\"og:type\" content=\"article\" \/>\n<meta property=\"og:title\" content=\"Acusan a figura de Paraguay de quedarse con el reloj del \u00e1rbitro en pleno Mundial\" \/>\n<meta property=\"og:description\" content=\"Un esc\u00e1ndalo extradeportivo ha sacudido las plataformas digitales en plena Copa del Mundo. El mediocampista de la selecci\u00f3n de Paraguay, Mat\u00edas Galarza, fue acusado por miles de usuarios en redes sociales de presuntamente recoger y robarse el reloj del \u00e1rbitro central durante el pol\u00e9mico encuentro entre el combinado sudamericano y Turqu\u00eda en las acciones del [&hellip;]\" \/>\n<meta property=\"og:url\" content=\"https:\/\/expresorgv.online\/home\/blog\/2026\/06\/21\/acusan-a-figura-de-paraguay-de-quedarse-con-el-reloj-del-arbitro-en-pleno-mundial\/\" \/>\n<meta property=\"article:published_time\" content=\"2026-06-21T01:17:23+00:00\" \/>\n<meta property=\"article:modified_time\" content=\"2026-06-21T01:17:24+00:00\" \/>\n<meta property=\"og:image\" content=\"https:\/\/expresorgv.online\/home\/wp-content\/uploads\/2026\/06\/Matias-Paraguay.png\" \/>\n\t<meta property=\"og:image:width\" content=\"591\" \/>\n\t<meta property=\"og:image:height\" content=\"328\" \/>\n\t<meta property=\"og:image:type\" content=\"image\/png\" \/>\n<meta name=\"author\" content=\"expreso\" \/>\n<meta name=\"twitter:card\" content=\"summary_large_image\" \/>\n<meta name=\"twitter:label1\" content=\"Escrito por\" \/>\n\t<meta name=\"twitter:data1\" content=\"expreso\" \/>\n\t<meta name=\"twitter:label2\" content=\"Tiempo de lectura\" \/>\n\t<meta name=\"twitter:data2\" content=\"3 minutos\" \/>\n<script type=\"application\/ld+json\" class=\"yoast-schema-graph\">{\"@context\":\"https:\/\/schema.org\",\"@graph\":[{\"@type\":\"Article\",\"@id\":\"https:\/\/expresorgv.online\/home\/blog\/2026\/06\/21\/acusan-a-figura-de-paraguay-de-quedarse-con-el-reloj-del-arbitro-en-pleno-mundial\/#article\",\"isPartOf\":{\"@id\":\"https:\/\/expresorgv.online\/home\/blog\/2026\/06\/21\/acusan-a-figura-de-paraguay-de-quedarse-con-el-reloj-del-arbitro-en-pleno-mundial\/\"},\"author\":{\"name\":\"expreso\",\"@id\":\"https:\/\/expresorgv.online\/home\/#\/schema\/person\/ae1ed1a575540204b5f59dca7f91f6a2\"},\"headline\":\"Acusan a figura de Paraguay de quedarse con el reloj del \u00e1rbitro en pleno Mundial\",\"datePublished\":\"2026-06-21T01:17:23+00:00\",\"dateModified\":\"2026-06-21T01:17:24+00:00\",\"mainEntityOfPage\":{\"@id\":\"https:\/\/expresorgv.online\/home\/blog\/2026\/06\/21\/acusan-a-figura-de-paraguay-de-quedarse-con-el-reloj-del-arbitro-en-pleno-mundial\/\"},\"wordCount\":494,\"commentCount\":0,\"image\":{\"@id\":\"https:\/\/expresorgv.online\/home\/blog\/2026\/06\/21\/acusan-a-figura-de-paraguay-de-quedarse-con-el-reloj-del-arbitro-en-pleno-mundial\/#primaryimage\"},\"thumbnailUrl\":\"https:\/\/i0.wp.com\/expresorgv.online\/home\/wp-content\/uploads\/2026\/06\/Matias-Paraguay.png?fit=591%2C328&ssl=1\",\"articleSection\":[\"OE DEPORTES\"],\"inLanguage\":\"es\",\"potentialAction\":[{\"@type\":\"CommentAction\",\"name\":\"Comment\",\"target\":[\"https:\/\/expresorgv.online\/home\/blog\/2026\/06\/21\/acusan-a-figura-de-paraguay-de-quedarse-con-el-reloj-del-arbitro-en-pleno-mundial\/#respond\"]}]},{\"@type\":\"WebPage\",\"@id\":\"https:\/\/expresorgv.online\/home\/blog\/2026\/06\/21\/acusan-a-figura-de-paraguay-de-quedarse-con-el-reloj-del-arbitro-en-pleno-mundial\/\",\"url\":\"https:\/\/expresorgv.online\/home\/blog\/2026\/06\/21\/acusan-a-figura-de-paraguay-de-quedarse-con-el-reloj-del-arbitro-en-pleno-mundial\/\",\"name\":\"Acusan a figura de Paraguay de quedarse con el reloj del \u00e1rbitro en pleno Mundial -\",\"isPartOf\":{\"@id\":\"https:\/\/expresorgv.online\/home\/#website\"},\"primaryImageOfPage\":{\"@id\":\"https:\/\/expresorgv.online\/home\/blog\/2026\/06\/21\/acusan-a-figura-de-paraguay-de-quedarse-con-el-reloj-del-arbitro-en-pleno-mundial\/#primaryimage\"},\"image\":{\"@id\":\"https:\/\/expresorgv.online\/home\/blog\/2026\/06\/21\/acusan-a-figura-de-paraguay-de-quedarse-con-el-reloj-del-arbitro-en-pleno-mundial\/#primaryimage\"},\"thumbnailUrl\":\"https:\/\/i0.wp.com\/expresorgv.online\/home\/wp-content\/uploads\/2026\/06\/Matias-Paraguay.png?fit=591%2C328&ssl=1\",\"datePublished\":\"2026-06-21T01:17:23+00:00\",\"dateModified\":\"2026-06-21T01:17:24+00:00\",\"author\":{\"@id\":\"https:\/\/expresorgv.online\/home\/#\/schema\/person\/ae1ed1a575540204b5f59dca7f91f6a2\"},\"breadcrumb\":{\"@id\":\"https:\/\/expresorgv.online\/home\/blog\/2026\/06\/21\/acusan-a-figura-de-paraguay-de-quedarse-con-el-reloj-del-arbitro-en-pleno-mundial\/#breadcrumb\"},\"inLanguage\":\"es\",\"potentialAction\":[{\"@type\":\"ReadAction\",\"target\":[\"https:\/\/expresorgv.online\/home\/blog\/2026\/06\/21\/acusan-a-figura-de-paraguay-de-quedarse-con-el-reloj-del-arbitro-en-pleno-mundial\/\"]}]},{\"@type\":\"ImageObject\",\"inLanguage\":\"es\",\"@id\":\"https:\/\/expresorgv.online\/home\/blog\/2026\/06\/21\/acusan-a-figura-de-paraguay-de-quedarse-con-el-reloj-del-arbitro-en-pleno-mundial\/#primaryimage\",\"url\":\"https:\/\/i0.wp.com\/expresorgv.online\/home\/wp-content\/uploads\/2026\/06\/Matias-Paraguay.png?fit=591%2C328&ssl=1\",\"contentUrl\":\"https:\/\/i0.wp.com\/expresorgv.online\/home\/wp-content\/uploads\/2026\/06\/Matias-Paraguay.png?fit=591%2C328&ssl=1\",\"width\":591,\"height\":328},{\"@type\":\"BreadcrumbList\",\"@id\":\"https:\/\/expresorgv.online\/home\/blog\/2026\/06\/21\/acusan-a-figura-de-paraguay-de-quedarse-con-el-reloj-del-arbitro-en-pleno-mundial\/#breadcrumb\",\"itemListElement\":[{\"@type\":\"ListItem\",\"position\":1,\"name\":\"Home\",\"item\":\"https:\/\/expresorgv.online\/home\/\"},{\"@type\":\"ListItem\",\"position\":2,\"name\":\"Acusan a figura de Paraguay de quedarse con el reloj del \u00e1rbitro en pleno Mundial\"}]},{\"@type\":\"WebSite\",\"@id\":\"https:\/\/expresorgv.online\/home\/#website\",\"url\":\"https:\/\/expresorgv.online\/home\/\",\"name\":\"\",\"description\":\"\",\"potentialAction\":[{\"@type\":\"SearchAction\",\"target\":{\"@type\":\"EntryPoint\",\"urlTemplate\":\"https:\/\/expresorgv.online\/home\/?s={search_term_string}\"},\"query-input\":{\"@type\":\"PropertyValueSpecification\",\"valueRequired\":true,\"valueName\":\"search_term_string\"}}],\"inLanguage\":\"es\"},{\"@type\":\"Person\",\"@id\":\"https:\/\/expresorgv.online\/home\/#\/schema\/person\/ae1ed1a575540204b5f59dca7f91f6a2\",\"name\":\"expreso\",\"image\":{\"@type\":\"ImageObject\",\"inLanguage\":\"es\",\"@id\":\"https:\/\/secure.gravatar.com\/avatar\/88cd9f065dcd1b722cd984aac4181386a800c0bca699eaf07e42dd8f820bddee?s=96&d=mm&r=g\",\"url\":\"https:\/\/secure.gravatar.com\/avatar\/88cd9f065dcd1b722cd984aac4181386a800c0bca699eaf07e42dd8f820bddee?s=96&d=mm&r=g\",\"contentUrl\":\"https:\/\/secure.gravatar.com\/avatar\/88cd9f065dcd1b722cd984aac4181386a800c0bca699eaf07e42dd8f820bddee?s=96&d=mm&r=g\",\"caption\":\"expreso\"},\"url\":\"https:\/\/expresorgv.online\/home\/blog\/author\/expreso\/\"}]}<\/script>\n<!-- \/ Yoast SEO plugin. -->","yoast_head_json":{"title":"Acusan a figura de Paraguay de quedarse con el reloj del \u00e1rbitro en pleno Mundial -","robots":{"index":"index","follow":"follow","max-snippet":"max-snippet:-1","max-image-preview":"max-image-preview:large","max-video-preview":"max-video-preview:-1"},"canonical":"https:\/\/expresorgv.online\/home\/blog\/2026\/06\/21\/acusan-a-figura-de-paraguay-de-quedarse-con-el-reloj-del-arbitro-en-pleno-mundial\/","og_locale":"es_ES","og_type":"article","og_title":"Acusan a figura de Paraguay de quedarse con el reloj del \u00e1rbitro en pleno Mundial","og_description":"Un esc\u00e1ndalo extradeportivo ha sacudido las plataformas digitales en plena Copa del Mundo. El mediocampista de la selecci\u00f3n de Paraguay, Mat\u00edas Galarza, fue acusado por miles de usuarios en redes sociales de presuntamente recoger y robarse el reloj del \u00e1rbitro central durante el pol\u00e9mico encuentro entre el combinado sudamericano y Turqu\u00eda en las acciones del [&hellip;]","og_url":"https:\/\/expresorgv.online\/home\/blog\/2026\/06\/21\/acusan-a-figura-de-paraguay-de-quedarse-con-el-reloj-del-arbitro-en-pleno-mundial\/","article_published_time":"2026-06-21T01:17:23+00:00","article_modified_time":"2026-06-21T01:17:24+00:00","og_image":[{"width":591,"height":328,"url":"https:\/\/expresorgv.online\/home\/wp-content\/uploads\/2026\/06\/Matias-Paraguay.png","type":"image\/png"}],"author":"expreso","twitter_card":"summary_large_image","twitter_misc":{"Escrito por":"expreso","Tiempo de lectura":"3 minutos"},"schema":{"@context":"https:\/\/schema.org","@graph":[{"@type":"Article","@id":"https:\/\/expresorgv.online\/home\/blog\/2026\/06\/21\/acusan-a-figura-de-paraguay-de-quedarse-con-el-reloj-del-arbitro-en-pleno-mundial\/#article","isPartOf":{"@id":"https:\/\/expresorgv.online\/home\/blog\/2026\/06\/21\/acusan-a-figura-de-paraguay-de-quedarse-con-el-reloj-del-arbitro-en-pleno-mundial\/"},"author":{"name":"expreso","@id":"https:\/\/expresorgv.online\/home\/#\/schema\/person\/ae1ed1a575540204b5f59dca7f91f6a2"},"headline":"Acusan a figura de Paraguay de quedarse con el reloj del \u00e1rbitro en pleno Mundial","datePublished":"2026-06-21T01:17:23+00:00","dateModified":"2026-06-21T01:17:24+00:00","mainEntityOfPage":{"@id":"https:\/\/expresorgv.online\/home\/blog\/2026\/06\/21\/acusan-a-figura-de-paraguay-de-quedarse-con-el-reloj-del-arbitro-en-pleno-mundial\/"},"wordCount":494,"commentCount":0,"image":{"@id":"https:\/\/expresorgv.online\/home\/blog\/2026\/06\/21\/acusan-a-figura-de-paraguay-de-quedarse-con-el-reloj-del-arbitro-en-pleno-mundial\/#primaryimage"},"thumbnailUrl":"https:\/\/i0.wp.com\/expresorgv.online\/home\/wp-content\/uploads\/2026\/06\/Matias-Paraguay.png?fit=591%2C328&ssl=1","articleSection":["OE DEPORTES"],"inLanguage":"es","potentialAction":[{"@type":"CommentAction","name":"Comment","target":["https:\/\/expresorgv.online\/home\/blog\/2026\/06\/21\/acusan-a-figura-de-paraguay-de-quedarse-con-el-reloj-del-arbitro-en-pleno-mundial\/#respond"]}]},{"@type":"WebPage","@id":"https:\/\/expresorgv.online\/home\/blog\/2026\/06\/21\/acusan-a-figura-de-paraguay-de-quedarse-con-el-reloj-del-arbitro-en-pleno-mundial\/","url":"https:\/\/expresorgv.online\/home\/blog\/2026\/06\/21\/acusan-a-figura-de-paraguay-de-quedarse-con-el-reloj-del-arbitro-en-pleno-mundial\/","name":"Acusan a figura de Paraguay de quedarse con el reloj del \u00e1rbitro en pleno Mundial -","isPartOf":{"@id":"https:\/\/expresorgv.online\/home\/#website"},"primaryImageOfPage":{"@id":"https:\/\/expresorgv.online\/home\/blog\/2026\/06\/21\/acusan-a-figura-de-paraguay-de-quedarse-con-el-reloj-del-arbitro-en-pleno-mundial\/#primaryimage"},"image":{"@id":"https:\/\/expresorgv.online\/home\/blog\/2026\/06\/21\/acusan-a-figura-de-paraguay-de-quedarse-con-el-reloj-del-arbitro-en-pleno-mundial\/#primaryimage"},"thumbnailUrl":"https:\/\/i0.wp.com\/expresorgv.online\/home\/wp-content\/uploads\/2026\/06\/Matias-Paraguay.png?fit=591%2C328&ssl=1","datePublished":"2026-06-21T01:17:23+00:00","dateModified":"2026-06-21T01:17:24+00:00","author":{"@id":"https:\/\/expresorgv.online\/home\/#\/schema\/person\/ae1ed1a575540204b5f59dca7f91f6a2"},"breadcrumb":{"@id":"https:\/\/expresorgv.online\/home\/blog\/2026\/06\/21\/acusan-a-figura-de-paraguay-de-quedarse-con-el-reloj-del-arbitro-en-pleno-mundial\/#breadcrumb"},"inLanguage":"es","potentialAction":[{"@type":"ReadAction","target":["https:\/\/expresorgv.online\/home\/blog\/2026\/06\/21\/acusan-a-figura-de-paraguay-de-quedarse-con-el-reloj-del-arbitro-en-pleno-mundial\/"]}]},{"@type":"ImageObject","inLanguage":"es","@id":"https:\/\/expresorgv.online\/home\/blog\/2026\/06\/21\/acusan-a-figura-de-paraguay-de-quedarse-con-el-reloj-del-arbitro-en-pleno-mundial\/#primaryimage","url":"https:\/\/i0.wp.com\/expresorgv.online\/home\/wp-content\/uploads\/2026\/06\/Matias-Paraguay.png?fit=591%2C328&ssl=1","contentUrl":"https:\/\/i0.wp.com\/expresorgv.online\/home\/wp-content\/uploads\/2026\/06\/Matias-Paraguay.png?fit=591%2C328&ssl=1","width":591,"height":328},{"@type":"BreadcrumbList","@id":"https:\/\/expresorgv.online\/home\/blog\/2026\/06\/21\/acusan-a-figura-de-paraguay-de-quedarse-con-el-reloj-del-arbitro-en-pleno-mundial\/#breadcrumb","itemListElement":[{"@type":"ListItem","position":1,"name":"Home","item":"https:\/\/expresorgv.online\/home\/"},{"@type":"ListItem","position":2,"name":"Acusan a figura de Paraguay de quedarse con el reloj del \u00e1rbitro en pleno Mundial"}]},{"@type":"WebSite","@id":"https:\/\/expresorgv.online\/home\/#website","url":"https:\/\/expresorgv.online\/home\/","name":"","description":"","potentialAction":[{"@type":"SearchAction","target":{"@type":"EntryPoint","urlTemplate":"https:\/\/expresorgv.online\/home\/?s={search_term_string}"},"query-input":{"@type":"PropertyValueSpecification","valueRequired":true,"valueName":"search_term_string"}}],"inLanguage":"es"},{"@type":"Person","@id":"https:\/\/expresorgv.online\/home\/#\/schema\/person\/ae1ed1a575540204b5f59dca7f91f6a2","name":"expreso","image":{"@type":"ImageObject","inLanguage":"es","@id":"https:\/\/secure.gravatar.com\/avatar\/88cd9f065dcd1b722cd984aac4181386a800c0bca699eaf07e42dd8f820bddee?s=96&d=mm&r=g","url":"https:\/\/secure.gravatar.com\/avatar\/88cd9f065dcd1b722cd984aac4181386a800c0bca699eaf07e42dd8f820bddee?s=96&d=mm&r=g","contentUrl":"https:\/\/secure.gravatar.com\/avatar\/88cd9f065dcd1b722cd984aac4181386a800c0bca699eaf07e42dd8f820bddee?s=96&d=mm&r=g","caption":"expreso"},"url":"https:\/\/expresorgv.online\/home\/blog\/author\/expreso\/"}]}},"jetpack_featured_media_url":"https:\/\/i0.wp.com\/expresorgv.online\/home\/wp-content\/uploads\/2026\/06\/Matias-Paraguay.png?fit=591%2C328&ssl=1","_links":{"self":[{"href":"https:\/\/expresorgv.online\/home\/wp-json\/wp\/v2\/posts\/35897","targetHints":{"allow":["GET"]}}],"collection":[{"href":"https:\/\/expresorgv.online\/home\/wp-json\/wp\/v2\/posts"}],"about":[{"href":"https:\/\/expresorgv.online\/home\/wp-json\/wp\/v2\/types\/post"}],"author":[{"embeddable":true,"href":"https:\/\/expresorgv.online\/home\/wp-json\/wp\/v2\/users\/2"}],"replies":[{"embeddable":true,"href":"https:\/\/expresorgv.online\/home\/wp-json\/wp\/v2\/comments?post=35897"}],"version-history":[{"count":1,"href":"https:\/\/expresorgv.online\/home\/wp-json\/wp\/v2\/posts\/35897\/revisions"}],"predecessor-version":[{"id":35900,"href":"https:\/\/expresorgv.online\/home\/wp-json\/wp\/v2\/posts\/35897\/revisions\/35900"}],"wp:featuredmedia":[{"embeddable":true,"href":"https:\/\/expresorgv.online\/home\/wp-json\/wp\/v2\/media\/35899"}],"wp:attachment":[{"href":"https:\/\/expresorgv.online\/home\/wp-json\/wp\/v2\/media?parent=35897"}],"wp:term":[{"taxonomy":"category","embeddable":true,"href":"https:\/\/expresorgv.online\/home\/wp-json\/wp\/v2\/categories?post=35897"},{"taxonomy":"post_tag","embeddable":true,"href":"https:\/\/expresorgv.online\/home\/wp-json\/wp\/v2\/tags?post=35897"}],"curies":[{"name":"wp","href":"https:\/\/api.w.org\/{rel}","templated":true}]}}