{"id":35894,"date":"2026-06-21T01:10:51","date_gmt":"2026-06-21T01:10:51","guid":{"rendered":"https:\/\/expresorgv.online\/home\/?p=35894"},"modified":"2026-06-21T01:10:52","modified_gmt":"2026-06-21T01:10:52","slug":"guadalajara-arrasa-con-las-demas-sedes-del-mundial-2026-en-popularidad","status":"publish","type":"post","link":"https:\/\/expresorgv.online\/home\/blog\/2026\/06\/21\/guadalajara-arrasa-con-las-demas-sedes-del-mundial-2026-en-popularidad\/","title":{"rendered":"Guadalajara arrasa con las dem\u00e1s sedes del Mundial 2026 en popularidad"},"content":{"rendered":"\n<p class=\"wp-block-paragraph\">Guadalajara, Jalisco, toma la delantera en la carrera digital por ser la mejor sede de todas del Mundial 2026 tras&nbsp;la primera semana de actividades; el par de juegos en la entidad (Chequia vs Coreal del Sur y M\u00e9xico vs Corea del Sur) y la alta asistencia del Fan Festival de la FIFA han tenido alto impacto en redes sociales.<\/p>\n\n\n\n<p class=\"wp-block-paragraph\">Tras un corte de caja de cuatro redes sociales (Instagram, X, Facebook y tiktok), la sede tapat\u00eda es la que m\u00e1s audiencia acumula: 1,973, 487.<\/p>\n\n\n\n<p class=\"wp-block-paragraph\">Hasta el conteo de 512 publicaciones, Guadalajara es l\u00edder de popularidad por encima de grandes ciudades como Los \u00c1ngeles (991,884) y Atlanta (923,832), en Estados Unidos.<\/p>\n\n\n\n<p class=\"wp-block-paragraph\">El top-5 lo completas los Host City de Monterrey (920,465) y CDMX (777,400), \u00e9sta \u00faltima con el duelo inaugural en que M\u00e9xico se impuso por 2-0 a la Selecci\u00f3n de Sud\u00e1frica en el renovado Estadio Ciudad de M\u00e9xico.<\/p>\n\n\n\n<p class=\"wp-block-paragraph\">Le siguen Kansas City (585,691), Philadelphia (268,993), Houston (208,719), Nueva York\/New Jersey (177,018) y Vancouver (148,628).<\/p>\n\n\n\n<p class=\"wp-block-paragraph\">Fuera del Top-10 quedaron por menos de las 100 mil impresiones las sedes mundialistas de Dallas (74,792), San Francisco (39, 389), Toronto (24,569), Seattle (15,856) , Miami (6,196) y Boston (6,168).<\/p>\n\n\n\n<p class=\"wp-block-paragraph\">Popularidad por red social<\/p>\n\n\n\n<p class=\"wp-block-paragraph\">No todo ha sido perfecto en Guadalajara<\/p>\n\n\n\n<p class=\"wp-block-paragraph\">El Fan Festival de Guadalajara ha tenido una respuesta positiva de los aficionados, al tratarse de una sede de gran impacto tur\u00edstico. Ubicado en la Plaza de la Liberaci\u00f3n, la hacen epicentro de las pasiones mundialistas para mirar los partidos en vivo y en pantallas gigantes.<\/p>\n\n\n\n<p class=\"wp-block-paragraph\">Pero en un par de ocasiones ha registrado incidentes por alcanzar su aforo l\u00edmite, con 18 mil espectadores.&nbsp;<\/p>\n\n\n\n<p class=\"wp-block-paragraph\">El d\u00eda de la inauguraci\u00f3n del Mundial 2026 (11 de junio), cientos se quedaron afuera, montaron guardia en los accesos con la esperanza de ingresar conforme los visitantes se marchaban. De igual modo, peleas entre aficionados en aparente estado de ebriedad fueron reportadas.<\/p>\n\n\n\n<p class=\"wp-block-paragraph\">Recientemente se report\u00f3 un portazo en el Fan Fest Guadalajara. Decenas de personas tumbaron una pared; no se reportaron personas heridas, pese a que las im\u00e1genes en redes sociales mostraban a personas que tropezaron durante la invasi\u00f3n.&nbsp;<\/p>\n\n\n\n<p class=\"wp-block-paragraph\">El comit\u00e9 organizador recurri\u00f3 a extender el Fan Festival con una sede alterna, en el Auditorio Benito Ju\u00e1rez, ubicado en calle Mariano B\u00e1rcena s\/n, Zapopan, donde tambi\u00e9n se han agregado conciertos con bandas de renombre nacional.<\/p>\n\n\n\n<p class=\"wp-block-paragraph\"><\/p>\n","protected":false},"excerpt":{"rendered":"<p>Guadalajara, Jalisco, toma la delantera en la carrera digital por ser la mejor sede de todas del Mundial 2026 tras&nbsp;la primera semana de actividades; el par de juegos en la entidad (Chequia vs Coreal del Sur y M\u00e9xico vs Corea del Sur) y la alta asistencia del Fan Festival de la FIFA han tenido alto [&hellip;]<\/p>\n","protected":false},"author":2,"featured_media":35895,"comment_status":"open","ping_status":"open","sticky":false,"template":"","format":"standard","meta":{"footnotes":""},"categories":[6],"tags":[],"class_list":["post-35894","post","type-post","status-publish","format-standard","has-post-thumbnail","hentry","category-nacional"],"yoast_head":"<!-- This site is optimized with the Yoast SEO plugin v27.2 - https:\/\/yoast.com\/product\/yoast-seo-wordpress\/ -->\n<title>Guadalajara arrasa con las dem\u00e1s sedes del Mundial 2026 en popularidad -<\/title>\n<meta name=\"robots\" content=\"index, follow, max-snippet:-1, max-image-preview:large, max-video-preview:-1\" \/>\n<link rel=\"canonical\" href=\"https:\/\/expresorgv.online\/home\/blog\/2026\/06\/21\/guadalajara-arrasa-con-las-demas-sedes-del-mundial-2026-en-popularidad\/\" \/>\n<meta property=\"og:locale\" content=\"es_ES\" \/>\n<meta property=\"og:type\" content=\"article\" \/>\n<meta property=\"og:title\" content=\"Guadalajara arrasa con las dem\u00e1s sedes del Mundial 2026 en popularidad\" \/>\n<meta property=\"og:description\" content=\"Guadalajara, Jalisco, toma la delantera en la carrera digital por ser la mejor sede de todas del Mundial 2026 tras&nbsp;la primera semana de actividades; el par de juegos en la entidad (Chequia vs Coreal del Sur y M\u00e9xico vs Corea del Sur) y la alta asistencia del Fan Festival de la FIFA han tenido alto [&hellip;]\" \/>\n<meta property=\"og:url\" content=\"https:\/\/expresorgv.online\/home\/blog\/2026\/06\/21\/guadalajara-arrasa-con-las-demas-sedes-del-mundial-2026-en-popularidad\/\" \/>\n<meta property=\"article:published_time\" content=\"2026-06-21T01:10:51+00:00\" \/>\n<meta property=\"article:modified_time\" content=\"2026-06-21T01:10:52+00:00\" \/>\n<meta property=\"og:image\" content=\"https:\/\/expresorgv.online\/home\/wp-content\/uploads\/2026\/06\/Guadalajara.png\" \/>\n\t<meta property=\"og:image:width\" content=\"591\" \/>\n\t<meta property=\"og:image:height\" content=\"328\" \/>\n\t<meta property=\"og:image:type\" content=\"image\/png\" \/>\n<meta name=\"author\" content=\"expreso\" \/>\n<meta name=\"twitter:card\" content=\"summary_large_image\" \/>\n<meta name=\"twitter:label1\" content=\"Escrito por\" \/>\n\t<meta name=\"twitter:data1\" content=\"expreso\" \/>\n\t<meta name=\"twitter:label2\" content=\"Tiempo de lectura\" \/>\n\t<meta name=\"twitter:data2\" content=\"2 minutos\" \/>\n<script type=\"application\/ld+json\" class=\"yoast-schema-graph\">{\"@context\":\"https:\/\/schema.org\",\"@graph\":[{\"@type\":\"Article\",\"@id\":\"https:\/\/expresorgv.online\/home\/blog\/2026\/06\/21\/guadalajara-arrasa-con-las-demas-sedes-del-mundial-2026-en-popularidad\/#article\",\"isPartOf\":{\"@id\":\"https:\/\/expresorgv.online\/home\/blog\/2026\/06\/21\/guadalajara-arrasa-con-las-demas-sedes-del-mundial-2026-en-popularidad\/\"},\"author\":{\"name\":\"expreso\",\"@id\":\"https:\/\/expresorgv.online\/home\/#\/schema\/person\/ae1ed1a575540204b5f59dca7f91f6a2\"},\"headline\":\"Guadalajara arrasa con las dem\u00e1s sedes del Mundial 2026 en popularidad\",\"datePublished\":\"2026-06-21T01:10:51+00:00\",\"dateModified\":\"2026-06-21T01:10:52+00:00\",\"mainEntityOfPage\":{\"@id\":\"https:\/\/expresorgv.online\/home\/blog\/2026\/06\/21\/guadalajara-arrasa-con-las-demas-sedes-del-mundial-2026-en-popularidad\/\"},\"wordCount\":396,\"commentCount\":0,\"image\":{\"@id\":\"https:\/\/expresorgv.online\/home\/blog\/2026\/06\/21\/guadalajara-arrasa-con-las-demas-sedes-del-mundial-2026-en-popularidad\/#primaryimage\"},\"thumbnailUrl\":\"https:\/\/i0.wp.com\/expresorgv.online\/home\/wp-content\/uploads\/2026\/06\/Guadalajara.png?fit=591%2C328&ssl=1\",\"articleSection\":[\"NACIONAL\"],\"inLanguage\":\"es\",\"potentialAction\":[{\"@type\":\"CommentAction\",\"name\":\"Comment\",\"target\":[\"https:\/\/expresorgv.online\/home\/blog\/2026\/06\/21\/guadalajara-arrasa-con-las-demas-sedes-del-mundial-2026-en-popularidad\/#respond\"]}]},{\"@type\":\"WebPage\",\"@id\":\"https:\/\/expresorgv.online\/home\/blog\/2026\/06\/21\/guadalajara-arrasa-con-las-demas-sedes-del-mundial-2026-en-popularidad\/\",\"url\":\"https:\/\/expresorgv.online\/home\/blog\/2026\/06\/21\/guadalajara-arrasa-con-las-demas-sedes-del-mundial-2026-en-popularidad\/\",\"name\":\"Guadalajara arrasa con las dem\u00e1s sedes del Mundial 2026 en popularidad -\",\"isPartOf\":{\"@id\":\"https:\/\/expresorgv.online\/home\/#website\"},\"primaryImageOfPage\":{\"@id\":\"https:\/\/expresorgv.online\/home\/blog\/2026\/06\/21\/guadalajara-arrasa-con-las-demas-sedes-del-mundial-2026-en-popularidad\/#primaryimage\"},\"image\":{\"@id\":\"https:\/\/expresorgv.online\/home\/blog\/2026\/06\/21\/guadalajara-arrasa-con-las-demas-sedes-del-mundial-2026-en-popularidad\/#primaryimage\"},\"thumbnailUrl\":\"https:\/\/i0.wp.com\/expresorgv.online\/home\/wp-content\/uploads\/2026\/06\/Guadalajara.png?fit=591%2C328&ssl=1\",\"datePublished\":\"2026-06-21T01:10:51+00:00\",\"dateModified\":\"2026-06-21T01:10:52+00:00\",\"author\":{\"@id\":\"https:\/\/expresorgv.online\/home\/#\/schema\/person\/ae1ed1a575540204b5f59dca7f91f6a2\"},\"breadcrumb\":{\"@id\":\"https:\/\/expresorgv.online\/home\/blog\/2026\/06\/21\/guadalajara-arrasa-con-las-demas-sedes-del-mundial-2026-en-popularidad\/#breadcrumb\"},\"inLanguage\":\"es\",\"potentialAction\":[{\"@type\":\"ReadAction\",\"target\":[\"https:\/\/expresorgv.online\/home\/blog\/2026\/06\/21\/guadalajara-arrasa-con-las-demas-sedes-del-mundial-2026-en-popularidad\/\"]}]},{\"@type\":\"ImageObject\",\"inLanguage\":\"es\",\"@id\":\"https:\/\/expresorgv.online\/home\/blog\/2026\/06\/21\/guadalajara-arrasa-con-las-demas-sedes-del-mundial-2026-en-popularidad\/#primaryimage\",\"url\":\"https:\/\/i0.wp.com\/expresorgv.online\/home\/wp-content\/uploads\/2026\/06\/Guadalajara.png?fit=591%2C328&ssl=1\",\"contentUrl\":\"https:\/\/i0.wp.com\/expresorgv.online\/home\/wp-content\/uploads\/2026\/06\/Guadalajara.png?fit=591%2C328&ssl=1\",\"width\":591,\"height\":328},{\"@type\":\"BreadcrumbList\",\"@id\":\"https:\/\/expresorgv.online\/home\/blog\/2026\/06\/21\/guadalajara-arrasa-con-las-demas-sedes-del-mundial-2026-en-popularidad\/#breadcrumb\",\"itemListElement\":[{\"@type\":\"ListItem\",\"position\":1,\"name\":\"Home\",\"item\":\"https:\/\/expresorgv.online\/home\/\"},{\"@type\":\"ListItem\",\"position\":2,\"name\":\"Guadalajara arrasa con las dem\u00e1s sedes del Mundial 2026 en popularidad\"}]},{\"@type\":\"WebSite\",\"@id\":\"https:\/\/expresorgv.online\/home\/#website\",\"url\":\"https:\/\/expresorgv.online\/home\/\",\"name\":\"\",\"description\":\"\",\"potentialAction\":[{\"@type\":\"SearchAction\",\"target\":{\"@type\":\"EntryPoint\",\"urlTemplate\":\"https:\/\/expresorgv.online\/home\/?s={search_term_string}\"},\"query-input\":{\"@type\":\"PropertyValueSpecification\",\"valueRequired\":true,\"valueName\":\"search_term_string\"}}],\"inLanguage\":\"es\"},{\"@type\":\"Person\",\"@id\":\"https:\/\/expresorgv.online\/home\/#\/schema\/person\/ae1ed1a575540204b5f59dca7f91f6a2\",\"name\":\"expreso\",\"image\":{\"@type\":\"ImageObject\",\"inLanguage\":\"es\",\"@id\":\"https:\/\/secure.gravatar.com\/avatar\/88cd9f065dcd1b722cd984aac4181386a800c0bca699eaf07e42dd8f820bddee?s=96&d=mm&r=g\",\"url\":\"https:\/\/secure.gravatar.com\/avatar\/88cd9f065dcd1b722cd984aac4181386a800c0bca699eaf07e42dd8f820bddee?s=96&d=mm&r=g\",\"contentUrl\":\"https:\/\/secure.gravatar.com\/avatar\/88cd9f065dcd1b722cd984aac4181386a800c0bca699eaf07e42dd8f820bddee?s=96&d=mm&r=g\",\"caption\":\"expreso\"},\"url\":\"https:\/\/expresorgv.online\/home\/blog\/author\/expreso\/\"}]}<\/script>\n<!-- \/ Yoast SEO plugin. -->","yoast_head_json":{"title":"Guadalajara arrasa con las dem\u00e1s sedes del Mundial 2026 en popularidad -","robots":{"index":"index","follow":"follow","max-snippet":"max-snippet:-1","max-image-preview":"max-image-preview:large","max-video-preview":"max-video-preview:-1"},"canonical":"https:\/\/expresorgv.online\/home\/blog\/2026\/06\/21\/guadalajara-arrasa-con-las-demas-sedes-del-mundial-2026-en-popularidad\/","og_locale":"es_ES","og_type":"article","og_title":"Guadalajara arrasa con las dem\u00e1s sedes del Mundial 2026 en popularidad","og_description":"Guadalajara, Jalisco, toma la delantera en la carrera digital por ser la mejor sede de todas del Mundial 2026 tras&nbsp;la primera semana de actividades; el par de juegos en la entidad (Chequia vs Coreal del Sur y M\u00e9xico vs Corea del Sur) y la alta asistencia del Fan Festival de la FIFA han tenido alto [&hellip;]","og_url":"https:\/\/expresorgv.online\/home\/blog\/2026\/06\/21\/guadalajara-arrasa-con-las-demas-sedes-del-mundial-2026-en-popularidad\/","article_published_time":"2026-06-21T01:10:51+00:00","article_modified_time":"2026-06-21T01:10:52+00:00","og_image":[{"width":591,"height":328,"url":"https:\/\/expresorgv.online\/home\/wp-content\/uploads\/2026\/06\/Guadalajara.png","type":"image\/png"}],"author":"expreso","twitter_card":"summary_large_image","twitter_misc":{"Escrito por":"expreso","Tiempo de lectura":"2 minutos"},"schema":{"@context":"https:\/\/schema.org","@graph":[{"@type":"Article","@id":"https:\/\/expresorgv.online\/home\/blog\/2026\/06\/21\/guadalajara-arrasa-con-las-demas-sedes-del-mundial-2026-en-popularidad\/#article","isPartOf":{"@id":"https:\/\/expresorgv.online\/home\/blog\/2026\/06\/21\/guadalajara-arrasa-con-las-demas-sedes-del-mundial-2026-en-popularidad\/"},"author":{"name":"expreso","@id":"https:\/\/expresorgv.online\/home\/#\/schema\/person\/ae1ed1a575540204b5f59dca7f91f6a2"},"headline":"Guadalajara arrasa con las dem\u00e1s sedes del Mundial 2026 en popularidad","datePublished":"2026-06-21T01:10:51+00:00","dateModified":"2026-06-21T01:10:52+00:00","mainEntityOfPage":{"@id":"https:\/\/expresorgv.online\/home\/blog\/2026\/06\/21\/guadalajara-arrasa-con-las-demas-sedes-del-mundial-2026-en-popularidad\/"},"wordCount":396,"commentCount":0,"image":{"@id":"https:\/\/expresorgv.online\/home\/blog\/2026\/06\/21\/guadalajara-arrasa-con-las-demas-sedes-del-mundial-2026-en-popularidad\/#primaryimage"},"thumbnailUrl":"https:\/\/i0.wp.com\/expresorgv.online\/home\/wp-content\/uploads\/2026\/06\/Guadalajara.png?fit=591%2C328&ssl=1","articleSection":["NACIONAL"],"inLanguage":"es","potentialAction":[{"@type":"CommentAction","name":"Comment","target":["https:\/\/expresorgv.online\/home\/blog\/2026\/06\/21\/guadalajara-arrasa-con-las-demas-sedes-del-mundial-2026-en-popularidad\/#respond"]}]},{"@type":"WebPage","@id":"https:\/\/expresorgv.online\/home\/blog\/2026\/06\/21\/guadalajara-arrasa-con-las-demas-sedes-del-mundial-2026-en-popularidad\/","url":"https:\/\/expresorgv.online\/home\/blog\/2026\/06\/21\/guadalajara-arrasa-con-las-demas-sedes-del-mundial-2026-en-popularidad\/","name":"Guadalajara arrasa con las dem\u00e1s sedes del Mundial 2026 en popularidad -","isPartOf":{"@id":"https:\/\/expresorgv.online\/home\/#website"},"primaryImageOfPage":{"@id":"https:\/\/expresorgv.online\/home\/blog\/2026\/06\/21\/guadalajara-arrasa-con-las-demas-sedes-del-mundial-2026-en-popularidad\/#primaryimage"},"image":{"@id":"https:\/\/expresorgv.online\/home\/blog\/2026\/06\/21\/guadalajara-arrasa-con-las-demas-sedes-del-mundial-2026-en-popularidad\/#primaryimage"},"thumbnailUrl":"https:\/\/i0.wp.com\/expresorgv.online\/home\/wp-content\/uploads\/2026\/06\/Guadalajara.png?fit=591%2C328&ssl=1","datePublished":"2026-06-21T01:10:51+00:00","dateModified":"2026-06-21T01:10:52+00:00","author":{"@id":"https:\/\/expresorgv.online\/home\/#\/schema\/person\/ae1ed1a575540204b5f59dca7f91f6a2"},"breadcrumb":{"@id":"https:\/\/expresorgv.online\/home\/blog\/2026\/06\/21\/guadalajara-arrasa-con-las-demas-sedes-del-mundial-2026-en-popularidad\/#breadcrumb"},"inLanguage":"es","potentialAction":[{"@type":"ReadAction","target":["https:\/\/expresorgv.online\/home\/blog\/2026\/06\/21\/guadalajara-arrasa-con-las-demas-sedes-del-mundial-2026-en-popularidad\/"]}]},{"@type":"ImageObject","inLanguage":"es","@id":"https:\/\/expresorgv.online\/home\/blog\/2026\/06\/21\/guadalajara-arrasa-con-las-demas-sedes-del-mundial-2026-en-popularidad\/#primaryimage","url":"https:\/\/i0.wp.com\/expresorgv.online\/home\/wp-content\/uploads\/2026\/06\/Guadalajara.png?fit=591%2C328&ssl=1","contentUrl":"https:\/\/i0.wp.com\/expresorgv.online\/home\/wp-content\/uploads\/2026\/06\/Guadalajara.png?fit=591%2C328&ssl=1","width":591,"height":328},{"@type":"BreadcrumbList","@id":"https:\/\/expresorgv.online\/home\/blog\/2026\/06\/21\/guadalajara-arrasa-con-las-demas-sedes-del-mundial-2026-en-popularidad\/#breadcrumb","itemListElement":[{"@type":"ListItem","position":1,"name":"Home","item":"https:\/\/expresorgv.online\/home\/"},{"@type":"ListItem","position":2,"name":"Guadalajara arrasa con las dem\u00e1s sedes del Mundial 2026 en popularidad"}]},{"@type":"WebSite","@id":"https:\/\/expresorgv.online\/home\/#website","url":"https:\/\/expresorgv.online\/home\/","name":"","description":"","potentialAction":[{"@type":"SearchAction","target":{"@type":"EntryPoint","urlTemplate":"https:\/\/expresorgv.online\/home\/?s={search_term_string}"},"query-input":{"@type":"PropertyValueSpecification","valueRequired":true,"valueName":"search_term_string"}}],"inLanguage":"es"},{"@type":"Person","@id":"https:\/\/expresorgv.online\/home\/#\/schema\/person\/ae1ed1a575540204b5f59dca7f91f6a2","name":"expreso","image":{"@type":"ImageObject","inLanguage":"es","@id":"https:\/\/secure.gravatar.com\/avatar\/88cd9f065dcd1b722cd984aac4181386a800c0bca699eaf07e42dd8f820bddee?s=96&d=mm&r=g","url":"https:\/\/secure.gravatar.com\/avatar\/88cd9f065dcd1b722cd984aac4181386a800c0bca699eaf07e42dd8f820bddee?s=96&d=mm&r=g","contentUrl":"https:\/\/secure.gravatar.com\/avatar\/88cd9f065dcd1b722cd984aac4181386a800c0bca699eaf07e42dd8f820bddee?s=96&d=mm&r=g","caption":"expreso"},"url":"https:\/\/expresorgv.online\/home\/blog\/author\/expreso\/"}]}},"jetpack_featured_media_url":"https:\/\/i0.wp.com\/expresorgv.online\/home\/wp-content\/uploads\/2026\/06\/Guadalajara.png?fit=591%2C328&ssl=1","_links":{"self":[{"href":"https:\/\/expresorgv.online\/home\/wp-json\/wp\/v2\/posts\/35894","targetHints":{"allow":["GET"]}}],"collection":[{"href":"https:\/\/expresorgv.online\/home\/wp-json\/wp\/v2\/posts"}],"about":[{"href":"https:\/\/expresorgv.online\/home\/wp-json\/wp\/v2\/types\/post"}],"author":[{"embeddable":true,"href":"https:\/\/expresorgv.online\/home\/wp-json\/wp\/v2\/users\/2"}],"replies":[{"embeddable":true,"href":"https:\/\/expresorgv.online\/home\/wp-json\/wp\/v2\/comments?post=35894"}],"version-history":[{"count":1,"href":"https:\/\/expresorgv.online\/home\/wp-json\/wp\/v2\/posts\/35894\/revisions"}],"predecessor-version":[{"id":35896,"href":"https:\/\/expresorgv.online\/home\/wp-json\/wp\/v2\/posts\/35894\/revisions\/35896"}],"wp:featuredmedia":[{"embeddable":true,"href":"https:\/\/expresorgv.online\/home\/wp-json\/wp\/v2\/media\/35895"}],"wp:attachment":[{"href":"https:\/\/expresorgv.online\/home\/wp-json\/wp\/v2\/media?parent=35894"}],"wp:term":[{"taxonomy":"category","embeddable":true,"href":"https:\/\/expresorgv.online\/home\/wp-json\/wp\/v2\/categories?post=35894"},{"taxonomy":"post_tag","embeddable":true,"href":"https:\/\/expresorgv.online\/home\/wp-json\/wp\/v2\/tags?post=35894"}],"curies":[{"name":"wp","href":"https:\/\/api.w.org\/{rel}","templated":true}]}}